{"id":3186,"date":"2024-08-19T11:29:08","date_gmt":"2024-08-19T14:29:08","guid":{"rendered":"https:\/\/muycritico.com.ar\/web\/?p=3186"},"modified":"2026-01-18T19:23:44","modified_gmt":"2026-01-18T22:23:44","slug":"ninos-y-ninas-del-municipio-de-el-galpon-festejaron-su-dia","status":"publish","type":"post","link":"https:\/\/muycritico.com.ar\/web\/?p=3186","title":{"rendered":"NI\u00d1OS Y NI\u00d1AS DEL MUNICIPIO DE EL GALP\u00d3N FESTEJARON SU DIA"},"content":{"rendered":"<p><strong>El tradicional D\u00eda del Ni\u00f1o o D\u00eda de las Infancias, fue motivo de celebraci\u00f3n en el municipio. En San Jos\u00e9 de Orquera y El Tunal la convocatoria fue en horas de la ma\u00f1ana. Por la tarde, los festejos continuaron en Los Rosales y El Galp\u00f3n.<\/strong><\/p>\n<p><!--more--><\/p>\n<p>Ni\u00f1as y ni\u00f1os disfrutaron de una jornada plena participando en diferentes juegos con la animaci\u00f3n de payasos y personajes infantiles. Hubo un gran despliegue de peloteros, camas el\u00e1sticas, adem\u00e1s de diferentes actividades de entretenimiento y recreativas programadas para la ocasi\u00f3n.<\/p>\n<p>Mientras compart\u00edan con amiguitos y amiguitas, los peque\u00f1os recibieron panes dulces, golosinas, gaseosas y tambi\u00e9n se entregaron varios juguetes y regalos especiales.<\/p>\n<p><img loading=\"lazy\" decoding=\"async\" class=\"aligncenter size-full wp-image-3188\" src=\"https:\/\/muycritico.com.ar\/web\/wp-content\/uploads\/2024\/08\/federico-sacca-dia-del-nino.jpg\" alt=\"\" width=\"996\" height=\"1599\" srcset=\"https:\/\/muycritico.com.ar\/web\/wp-content\/uploads\/2024\/08\/federico-sacca-dia-del-nino.jpg 996w, https:\/\/muycritico.com.ar\/web\/wp-content\/uploads\/2024\/08\/federico-sacca-dia-del-nino-768x1233.jpg 768w, https:\/\/muycritico.com.ar\/web\/wp-content\/uploads\/2024\/08\/federico-sacca-dia-del-nino-957x1536.jpg 957w\" sizes=\"auto, (max-width: 996px) 100vw, 996px\" \/><\/p>\n<p>El intendente Federico Sacca se hizo presente y comparti\u00f3 con los chicos en algunos de los eventos.<\/p>\n<p>Personal de Delegaciones Municipales junto al equipo de funcionarios del Gabinete, entre ellos, Leonardo Moya; Deolinda Cruz; Milagro Arga\u00f1ar\u00e1z; Noem\u00ed Campos; Jos\u00e9 Luis Say; Ren\u00e9 Romero; Fabio Velarde y los concejales Pedro Garc\u00eda y Sebasti\u00e1n Caillou, se repartieron tareas para poder agasajar a las Infancias de todo el municipio.<\/p>\n","protected":false},"excerpt":{"rendered":"<p>El tradicional D\u00eda del Ni\u00f1o o D\u00eda de las Infancias, fue motivo de celebraci\u00f3n en el municipio. En San Jos\u00e9 de Orquera y El Tunal la convocatoria fue en horas de la ma\u00f1ana. Por la tarde, los festejos continuaron en Los Rosales y El Galp\u00f3n.<\/p>\n","protected":false},"author":2,"featured_media":3187,"comment_status":"open","ping_status":"closed","sticky":false,"template":"","format":"standard","meta":{"footnotes":""},"categories":[6],"tags":[872],"class_list":["post-3186","post","type-post","status-publish","format-standard","has-post-thumbnail","hentry","category-notas","tag-victor-sacca"],"_links":{"self":[{"href":"https:\/\/muycritico.com.ar\/web\/index.php?rest_route=\/wp\/v2\/posts\/3186","targetHints":{"allow":["GET"]}}],"collection":[{"href":"https:\/\/muycritico.com.ar\/web\/index.php?rest_route=\/wp\/v2\/posts"}],"about":[{"href":"https:\/\/muycritico.com.ar\/web\/index.php?rest_route=\/wp\/v2\/types\/post"}],"author":[{"embeddable":true,"href":"https:\/\/muycritico.com.ar\/web\/index.php?rest_route=\/wp\/v2\/users\/2"}],"replies":[{"embeddable":true,"href":"https:\/\/muycritico.com.ar\/web\/index.php?rest_route=%2Fwp%2Fv2%2Fcomments&post=3186"}],"version-history":[{"count":1,"href":"https:\/\/muycritico.com.ar\/web\/index.php?rest_route=\/wp\/v2\/posts\/3186\/revisions"}],"predecessor-version":[{"id":3189,"href":"https:\/\/muycritico.com.ar\/web\/index.php?rest_route=\/wp\/v2\/posts\/3186\/revisions\/3189"}],"wp:featuredmedia":[{"embeddable":true,"href":"https:\/\/muycritico.com.ar\/web\/index.php?rest_route=\/wp\/v2\/media\/3187"}],"wp:attachment":[{"href":"https:\/\/muycritico.com.ar\/web\/index.php?rest_route=%2Fwp%2Fv2%2Fmedia&parent=3186"}],"wp:term":[{"taxonomy":"category","embeddable":true,"href":"https:\/\/muycritico.com.ar\/web\/index.php?rest_route=%2Fwp%2Fv2%2Fcategories&post=3186"},{"taxonomy":"post_tag","embeddable":true,"href":"https:\/\/muycritico.com.ar\/web\/index.php?rest_route=%2Fwp%2Fv2%2Ftags&post=3186"}],"curies":[{"name":"wp","href":"https:\/\/api.w.org\/{rel}","templated":true}]}}