{"id":3183,"date":"2024-08-19T11:22:27","date_gmt":"2024-08-19T14:22:27","guid":{"rendered":"https:\/\/muycritico.com.ar\/web\/?p=3183"},"modified":"2026-01-18T19:23:44","modified_gmt":"2026-01-18T22:23:44","slug":"transito-secuestro-18-vehiculos-durante-el-fin-de-semana","status":"publish","type":"post","link":"https:\/\/muycritico.com.ar\/web\/?p=3183","title":{"rendered":"TR\u00c1NSITO SECUESTR\u00d3 18 VEH\u00cdCULOS DURANTE EL FIN DE SEMANA"},"content":{"rendered":"<p><strong>Los operativos, efectuados entre el viernes 16 y el domingo 18, se realizaron en distintos puntos estrat\u00e9gicos de la ciudad. Se labraron 114 actas. Los rodados retenidos fueron trasladados al Canch\u00f3n municipal.<\/strong><\/p>\n<p><!--more--><\/p>\n<p>Los controles de tr\u00e1nsito se intensifican d\u00eda a d\u00eda, buscando disminuir el \u00edndice de siniestralidad vial en diferentes puntos cr\u00edticos de la ciudad. Para la actual gesti\u00f3n, el orden y la seguridad de los salte\u00f1os es un objetivo primordial.<\/p>\n<p>Durante el fin de semana, comprendido del viernes 16 al domingo 19 de agosto, se labraron 114 actas y se secuestraron 18 veh\u00edculos. Los rodados fueron trasladados al Canch\u00f3n municipal.<\/p>\n<p>De los retenidos, 6 fueron motos que circulaban a alta velocidad realizando maniobras peligrosas en la zona del Monumento a G\u00fcemes y por la Virgen del Cerro.<\/p>\n<p>Desde la Secretar\u00eda de Tr\u00e1nsito y Seguridad Vial recalcaron que estos operativos, de car\u00e1cter sorpresivo, continuar\u00e1n en distintos sectores de la ciudad.<\/p>\n<p>Adem\u00e1s de pagar la multa, se busca que el conductor realice cursos de educaci\u00f3n vial y participe de charlas de impacto con familiares de v\u00edctimas fatales en accidentes de tr\u00e1nsito. Con esto se intenta que el infractor logre cambiar su visi\u00f3n y ayude a generar una mayor concientizaci\u00f3n.<\/p>\n<p>Cabe destacar que, adem\u00e1s de los controles durante los fines de semana, tambi\u00e9n se llevan a cabo operativos todos los d\u00edas y desde el \u00e1rea de tr\u00e1nsito aseguran que se continuar\u00e1 trabajando as\u00ed para que los salte\u00f1os tengan como h\u00e1bito, y no solo como obligaci\u00f3n, respetar las normas viales.<\/p>\n","protected":false},"excerpt":{"rendered":"<p>Los operativos, efectuados entre el viernes 16 y el domingo 18, se realizaron en distintos puntos estrat\u00e9gicos de la ciudad. Se labraron 114 actas. Los rodados retenidos fueron trasladados al Canch\u00f3n municipal.<\/p>\n","protected":false},"author":2,"featured_media":3184,"comment_status":"open","ping_status":"closed","sticky":false,"template":"","format":"standard","meta":{"footnotes":""},"categories":[6],"tags":[872],"class_list":["post-3183","post","type-post","status-publish","format-standard","has-post-thumbnail","hentry","category-notas","tag-victor-sacca"],"_links":{"self":[{"href":"https:\/\/muycritico.com.ar\/web\/index.php?rest_route=\/wp\/v2\/posts\/3183","targetHints":{"allow":["GET"]}}],"collection":[{"href":"https:\/\/muycritico.com.ar\/web\/index.php?rest_route=\/wp\/v2\/posts"}],"about":[{"href":"https:\/\/muycritico.com.ar\/web\/index.php?rest_route=\/wp\/v2\/types\/post"}],"author":[{"embeddable":true,"href":"https:\/\/muycritico.com.ar\/web\/index.php?rest_route=\/wp\/v2\/users\/2"}],"replies":[{"embeddable":true,"href":"https:\/\/muycritico.com.ar\/web\/index.php?rest_route=%2Fwp%2Fv2%2Fcomments&post=3183"}],"version-history":[{"count":1,"href":"https:\/\/muycritico.com.ar\/web\/index.php?rest_route=\/wp\/v2\/posts\/3183\/revisions"}],"predecessor-version":[{"id":3185,"href":"https:\/\/muycritico.com.ar\/web\/index.php?rest_route=\/wp\/v2\/posts\/3183\/revisions\/3185"}],"wp:featuredmedia":[{"embeddable":true,"href":"https:\/\/muycritico.com.ar\/web\/index.php?rest_route=\/wp\/v2\/media\/3184"}],"wp:attachment":[{"href":"https:\/\/muycritico.com.ar\/web\/index.php?rest_route=%2Fwp%2Fv2%2Fmedia&parent=3183"}],"wp:term":[{"taxonomy":"category","embeddable":true,"href":"https:\/\/muycritico.com.ar\/web\/index.php?rest_route=%2Fwp%2Fv2%2Fcategories&post=3183"},{"taxonomy":"post_tag","embeddable":true,"href":"https:\/\/muycritico.com.ar\/web\/index.php?rest_route=%2Fwp%2Fv2%2Ftags&post=3183"}],"curies":[{"name":"wp","href":"https:\/\/api.w.org\/{rel}","templated":true}]}}