{"id":2874,"date":"2024-07-25T11:13:05","date_gmt":"2024-07-25T14:13:05","guid":{"rendered":"https:\/\/muycritico.com.ar\/web\/?p=2874"},"modified":"2026-01-18T19:23:54","modified_gmt":"2026-01-18T22:23:54","slug":"caso-monge-arranco-el-juicio-en-el-fuero-federal","status":"publish","type":"post","link":"https:\/\/muycritico.com.ar\/web\/?p=2874","title":{"rendered":"CASO MONGE: ARRANC\u00d3 EL JUICIO EN EL FUERO FEDERAL"},"content":{"rendered":"<p><strong>El hecho ocurri\u00f3 el 3 de septiembre de 2022. La v\u00edctima, que tambi\u00e9n alegaba ser asesor pol\u00edtico, recibi\u00f3 cinco disparos en la cabeza. Seg\u00fan la hip\u00f3tesis fiscal, el homicidio respondi\u00f3 a desavenencias por un negocio de drogas con los tres acusados, quienes podr\u00edan recibir penas de prisi\u00f3n perpetua de comprobarse su responsabilidad penal.<\/strong><\/p>\n<p><!--more--><\/p>\n<p>El Tribunal Oral Federal de Sala N\u00b01, integrado por la jueza Marta Liliana Snopek (presidenta), Federico Santiago D\u00edaz y Mario Marcelo Ju\u00e1rez Almaraz, llevar\u00e1 adelante desde hoy el juicio seguido contra Roberto Catalino Bejarano y sus hijos, Santiago Ismael y Roberto David por el delito de homicidio agravado por alevos\u00eda, por el n\u00famero de intervinientes y por uso de arma de fuego, en grado de coautores.<\/p>\n<p>A su vez, Santiago Ismael y Roberto David Bejarano ser\u00e1n juzgado por el delito de tenencia de estupefacientes con fines de comercializaci\u00f3n, en calidad de coautores. El fiscal general Eduardo Jos\u00e9 Villalba, a cargo de la PROCUNAR NOA, unidad que llev\u00f3 adelante la investigaci\u00f3n, representar\u00e1 al Ministerio P\u00fablico Fiscal.<\/p>\n<p>El asesinato de Dar\u00edo Esteban Monges, de gran trascendencia a nivel provincial, fue descubierto el 3 de septiembre de 2022, alrededor de las 12,20, cuando la polic\u00eda local fue alertada sobre la presencia de un veh\u00edculo con su conductor en el interior, el que presentaba rastros de sangre.<\/p>\n<p>Al hacerse presente en el lugar denunciado, ubicado en el barrio El C\u00edrculo de esta ciudad, se verific\u00f3 el hallazgo del cad\u00e1ver de la v\u00edctima, el cual presentaba cinco heridas de bala en la cabeza en el asiento del conductor de su camioneta Ford Eco Sport.<\/p>\n<p>En su inicio, el caso fue investigado por la Unidad Fiscal de Graves Atentados contra las Personas, del Ministerio P\u00fablico de la Provincia, con intervenci\u00f3n de la jueza de Garant\u00edas N\u00b06, Sandra Espeche. Con el correr de los d\u00edas, se logr\u00f3 la detenci\u00f3n de los tres acusados, quienes fueron imputados por el homicidio el 7 de octubre de ese a\u00f1o, tras lo cual la magistrada declar\u00f3 la incompetencia de la justicia ordinaria y gir\u00f3 las actuaciones al fuero federal.<\/p>\n<p><strong>Mec\u00e1nica y m\u00f3vil del crimen en la \u00f3ptica de la investigaci\u00f3n<\/strong><\/p>\n<p>La reconstrucci\u00f3n de las \u00faltimas horas con vida de la v\u00edctima permiti\u00f3 individualizar a los Bejarano como los autores del homicidio. En lo que fue la antesala del crimen, los acusados, la v\u00edctima y otra persona implicada, a\u00fan no identificada, se trasladaron en la camioneta Ford, entre las 22 horas del 1 de septiembre y las primeras horas del d\u00eda siguiente.<\/p>\n<p>El periplo de ese viaje termin\u00f3 en el lugar en que fue hallado muerto Monges, asesinado de manera premeditada y acordada con los acusados, quienes usaron dos armas de fuego que no pudieron ser secuestradas. En cuanto a la mec\u00e1nica del asesinato, explic\u00f3 que, dada la ventaja num\u00e9rica, primero lo redujeron y luego le dispararon en la cara y el cr\u00e1neo.<\/p>\n<p>Sobre el m\u00f3vil del crimen, el fiscal general ratific\u00f3 la hip\u00f3tesis ya enunciada en la formalizaci\u00f3n de la investigaci\u00f3n. Precis\u00f3 que se debi\u00f3 a inconvenientes vinculados al narcotr\u00e1fico entre Monges y los Bejarano.<\/p>\n<p>Entre las numerosas pericias realizadas, tambi\u00e9n resalt\u00f3 los an\u00e1lisis de las c\u00e1maras p\u00fablicas y privadas, del perfil geogr\u00e1fico obtenido de la cuenta Google de Monges, los peritajes cient\u00edficos y el informe final sobre la reconstrucci\u00f3n del hecho. Respecto al delito de tenencia de estupefacientes con fines de comercializaci\u00f3n, endilgado a los dos hermanos, el fiscal record\u00f3 que en el allanamiento cuando los acusados fueron detenidos, en la vivienda familiar, se secuestraron cuatro envoltorios, un frasco y otro envoltorio con un total de 174,49 gramos de marihuana, de las que se pueden obtener 971 dosis y 346 cigarrillos.<\/p>\n<p><strong>Justicia de excepci\u00f3n<\/strong><\/p>\n<p>En una audiencia de formalizaci\u00f3n de la investigaci\u00f3n penal ante la jueza federal de Garant\u00edas N\u00b02, Mariela Gim\u00e9nez, el fiscal general ratific\u00f3 la postura de la magistrada Espeche. \u201cEs imposible investigar este caso sin tener presente el accionar de determinadas organizaciones narco criminales\u201d, afirm\u00f3 al solicitar que el caso quede en la justicia de excepci\u00f3n, lo que finalmente fue aceptado por la jueza federal.<\/p>\n<p>La investigaci\u00f3n, de la que tambi\u00e9n participaron investigadores del Cuerpo de Investigaciones Fiscales, dependiente del MPF de Salta, avanz\u00f3 a paso firme y llev\u00f3 a la fiscal\u00eda a ratificar la acusaci\u00f3n contra los Bejarano en la audiencia de Control de Acusaci\u00f3n, celebrada el 12 de julio pasado ante el juez de Revisi\u00f3n, Luis Renato Rabbi Baldi Cabanillas.<\/p>\n<p>En esa ocasi\u00f3n, el fiscal general, junto a los auxiliares fiscales Mariana Gamba Cremaschi y Jorge Viltes Monier, sostuvo que el crimen de Monges aconteci\u00f3 en el marco de una red de tr\u00e1fico de estupefacientes, en el que se encontraba involucrada la v\u00edctima con los imputados.<\/p>\n","protected":false},"excerpt":{"rendered":"<p>El hecho ocurri\u00f3 el 3 de septiembre de 2022. La v\u00edctima, que tambi\u00e9n alegaba ser asesor pol\u00edtico, recibi\u00f3 cinco disparos en la cabeza. Seg\u00fan la hip\u00f3tesis fiscal, el homicidio respondi\u00f3 a desavenencias por un negocio de drogas con los tres acusados, quienes podr\u00edan recibir penas de prisi\u00f3n perpetua de comprobarse su responsabilidad penal.<\/p>\n","protected":false},"author":2,"featured_media":2875,"comment_status":"open","ping_status":"closed","sticky":false,"template":"","format":"standard","meta":{"footnotes":""},"categories":[6],"tags":[540,872],"class_list":["post-2874","post","type-post","status-publish","format-standard","has-post-thumbnail","hentry","category-notas","tag-monge","tag-victor-sacca"],"_links":{"self":[{"href":"https:\/\/muycritico.com.ar\/web\/index.php?rest_route=\/wp\/v2\/posts\/2874","targetHints":{"allow":["GET"]}}],"collection":[{"href":"https:\/\/muycritico.com.ar\/web\/index.php?rest_route=\/wp\/v2\/posts"}],"about":[{"href":"https:\/\/muycritico.com.ar\/web\/index.php?rest_route=\/wp\/v2\/types\/post"}],"author":[{"embeddable":true,"href":"https:\/\/muycritico.com.ar\/web\/index.php?rest_route=\/wp\/v2\/users\/2"}],"replies":[{"embeddable":true,"href":"https:\/\/muycritico.com.ar\/web\/index.php?rest_route=%2Fwp%2Fv2%2Fcomments&post=2874"}],"version-history":[{"count":2,"href":"https:\/\/muycritico.com.ar\/web\/index.php?rest_route=\/wp\/v2\/posts\/2874\/revisions"}],"predecessor-version":[{"id":2880,"href":"https:\/\/muycritico.com.ar\/web\/index.php?rest_route=\/wp\/v2\/posts\/2874\/revisions\/2880"}],"wp:featuredmedia":[{"embeddable":true,"href":"https:\/\/muycritico.com.ar\/web\/index.php?rest_route=\/wp\/v2\/media\/2875"}],"wp:attachment":[{"href":"https:\/\/muycritico.com.ar\/web\/index.php?rest_route=%2Fwp%2Fv2%2Fmedia&parent=2874"}],"wp:term":[{"taxonomy":"category","embeddable":true,"href":"https:\/\/muycritico.com.ar\/web\/index.php?rest_route=%2Fwp%2Fv2%2Fcategories&post=2874"},{"taxonomy":"post_tag","embeddable":true,"href":"https:\/\/muycritico.com.ar\/web\/index.php?rest_route=%2Fwp%2Fv2%2Ftags&post=2874"}],"curies":[{"name":"wp","href":"https:\/\/api.w.org\/{rel}","templated":true}]}}