{"id":2871,"date":"2024-07-24T15:54:54","date_gmt":"2024-07-24T18:54:54","guid":{"rendered":"https:\/\/muycritico.com.ar\/web\/?p=2871"},"modified":"2026-01-18T19:23:54","modified_gmt":"2026-01-18T22:23:54","slug":"limpian-el-canal-velarde-a-la-altura-del-barrio-san-juan-de-dios","status":"publish","type":"post","link":"https:\/\/muycritico.com.ar\/web\/?p=2871","title":{"rendered":"LIMPIAN EL CANAL VELARDE A LA ALTURA DEL BARRIO SAN JUAN DE DIOS"},"content":{"rendered":"<p><strong>Junto al Ej\u00e9rcito Argentino, la Municipalidad se encuentra trabajando en la limpieza del desag\u00fce pluvial ubicado en zona sur. Principalmente se est\u00e1 retirando sedimento acumulado que provocaba demoras en el escurrimiento del agua de lluvia.<\/strong><\/p>\n<p><!--more--><\/p>\n<p>En el marco del plan de mantenimiento de canales pluviales de la ciudad, la Municipalidad junto al Ej\u00e9rcito Argentino se encuentran trabajando en el acondicionamiento del desag\u00fce ubicado en zona sur. El mismo se conecta con el r\u00edo Arenales.<\/p>\n<p>Las tareas se realizan en el tramo comprendido entre la avenida Disc\u00e9polo y el puente de la calle Fort\u00edn Atenor S\u00e1nchez, a la altura del barrio San Juan de Dios.<\/p>\n<p><iframe loading=\"lazy\" title=\"Limpian el canal Velarde a la altura del barrio San Juan de Dios\" width=\"696\" height=\"392\" src=\"https:\/\/www.youtube.com\/embed\/wly01J5KFUs?feature=oembed\" frameborder=\"0\" allow=\"accelerometer; autoplay; clipboard-write; encrypted-media; gyroscope; picture-in-picture; web-share\" referrerpolicy=\"strict-origin-when-cross-origin\" allowfullscreen><\/iframe><\/p>\n<p>Con maquinaria pesada se est\u00e1n retirando los sedimentos acumulados que provocan demoras para el escurrimiento del agua de lluvia. Con estas acciones se podr\u00e1n prevenir anegamientos.<\/p>\n<p>Con estas acciones se ver\u00e1n beneficiados vecinos de Villa Lavalle, Santa Rita Sur, 26 de Marzo, Jaime D\u00e1valos, San Juan de Dios y Santa Clara de As\u00eds.<\/p>\n<p>Es importante destacar que en este sector se observ\u00f3 poca presencia de residuos y escombros, pero de igual manera se solicita a la comunidad evitar arrojar cualquier tipo de elementos, restos de poda, neum\u00e1ticos o electrodom\u00e9sticos tanto dentro de los canales como en sus m\u00e1rgenes.<\/p>\n","protected":false},"excerpt":{"rendered":"<p>Junto al Ej\u00e9rcito Argentino, la Municipalidad se encuentra trabajando en la limpieza del desag\u00fce pluvial ubicado en zona sur. Principalmente se est\u00e1 retirando sedimento acumulado que provocaba demoras en el escurrimiento del agua de lluvia.<\/p>\n","protected":false},"author":2,"featured_media":2872,"comment_status":"open","ping_status":"closed","sticky":false,"template":"","format":"standard","meta":{"footnotes":""},"categories":[6],"tags":[872],"class_list":["post-2871","post","type-post","status-publish","format-standard","has-post-thumbnail","hentry","category-notas","tag-victor-sacca"],"_links":{"self":[{"href":"https:\/\/muycritico.com.ar\/web\/index.php?rest_route=\/wp\/v2\/posts\/2871","targetHints":{"allow":["GET"]}}],"collection":[{"href":"https:\/\/muycritico.com.ar\/web\/index.php?rest_route=\/wp\/v2\/posts"}],"about":[{"href":"https:\/\/muycritico.com.ar\/web\/index.php?rest_route=\/wp\/v2\/types\/post"}],"author":[{"embeddable":true,"href":"https:\/\/muycritico.com.ar\/web\/index.php?rest_route=\/wp\/v2\/users\/2"}],"replies":[{"embeddable":true,"href":"https:\/\/muycritico.com.ar\/web\/index.php?rest_route=%2Fwp%2Fv2%2Fcomments&post=2871"}],"version-history":[{"count":1,"href":"https:\/\/muycritico.com.ar\/web\/index.php?rest_route=\/wp\/v2\/posts\/2871\/revisions"}],"predecessor-version":[{"id":2873,"href":"https:\/\/muycritico.com.ar\/web\/index.php?rest_route=\/wp\/v2\/posts\/2871\/revisions\/2873"}],"wp:featuredmedia":[{"embeddable":true,"href":"https:\/\/muycritico.com.ar\/web\/index.php?rest_route=\/wp\/v2\/media\/2872"}],"wp:attachment":[{"href":"https:\/\/muycritico.com.ar\/web\/index.php?rest_route=%2Fwp%2Fv2%2Fmedia&parent=2871"}],"wp:term":[{"taxonomy":"category","embeddable":true,"href":"https:\/\/muycritico.com.ar\/web\/index.php?rest_route=%2Fwp%2Fv2%2Fcategories&post=2871"},{"taxonomy":"post_tag","embeddable":true,"href":"https:\/\/muycritico.com.ar\/web\/index.php?rest_route=%2Fwp%2Fv2%2Ftags&post=2871"}],"curies":[{"name":"wp","href":"https:\/\/api.w.org\/{rel}","templated":true}]}}