{"id":2858,"date":"2024-07-24T09:35:07","date_gmt":"2024-07-24T12:35:07","guid":{"rendered":"https:\/\/muycritico.com.ar\/web\/?p=2858"},"modified":"2026-01-18T19:23:55","modified_gmt":"2026-01-18T22:23:55","slug":"dictaron-prision-preventiva-para-el-bestia-que-mato-a-su-esposa-con-un-pico","status":"publish","type":"post","link":"https:\/\/muycritico.com.ar\/web\/?p=2858","title":{"rendered":"DICTARON PRISI\u00d3N PREVENTIVA PARA EL BESTIA QUE MAT\u00d3 A SU ESPOSA CON UN PICO"},"content":{"rendered":"<p><strong>Haciendo lugar a la solicitud de la Unidad de Femicidios, se dict\u00f3 la prisi\u00f3n preventiva para el hombre acusado de un hecho ocurrido el pasado mes de junio en la zona norte de la ciudad de Salta, donde una mujer fue agredida con un elemento contundente y falleci\u00f3 horas despu\u00e9s.<\/strong><\/p>\n<p><!--more--><\/p>\n<p>La jueza Ada Zunino luego de escuchar los argumentos esgrimidos por las partes, resolvi\u00f3 hacer lugar a la solicitud realizada por la fiscal\u00eda y dict\u00f3 la prisi\u00f3n preventiva del execrable sujeto quien viene acusado de semejante salvajada.<\/p>\n<p>Cabe recordar que el hecho investigado ocurri\u00f3 el pasado jueves 27 de junio por la ma\u00f1ana en la zona norte de la ciudad de Salta, donde una mujer de 45 a\u00f1os fue lesionada con elemento contundente y falleci\u00f3 horas despu\u00e9s en el hospital San Bernardo.<\/p>\n<p>En la parte acusatoria interviene la fiscal penal de la Unidad de Femicidios, M\u00f3nica Poma, quien represent\u00f3 al Ministerio P\u00fablico Fiscal ante el Juzgado de Garant\u00edas 5 del distrito Centro, en la audiencia flexible y multiprop\u00f3sito para resolver la solicitud de prisi\u00f3n preventiva solicitada oportunamente.<\/p>\n<p>La caratula que pesa sobre el imputado es como autor del delito de homicidio agravado por el v\u00ednculo, por alevos\u00eda, ensa\u00f1amiento y por mediar violencia de g\u00e9nero.<\/p>\n<p>En tanto, la Fiscal se\u00f1al\u00f3 que mantuvo una reuni\u00f3n con familiares directos de la v\u00edctima, quienes fueron puestos en conocimiento del estado de la investigaci\u00f3n que se encuentra en curso y de los derechos que los asisten en los t\u00e9rminos del art\u00edculo 99 del C\u00f3digo Procesal Penal.<\/p>\n","protected":false},"excerpt":{"rendered":"<p>Haciendo lugar a la solicitud de la Unidad de Femicidios, se dict\u00f3 la prisi\u00f3n preventiva para el hombre acusado de un hecho ocurrido el pasado mes de junio en la zona norte de la ciudad de Salta, donde una mujer fue agredida con un elemento contundente y falleci\u00f3 horas despu\u00e9s.<\/p>\n","protected":false},"author":2,"featured_media":2859,"comment_status":"open","ping_status":"closed","sticky":false,"template":"","format":"standard","meta":{"footnotes":""},"categories":[6],"tags":[872],"class_list":["post-2858","post","type-post","status-publish","format-standard","has-post-thumbnail","hentry","category-notas","tag-victor-sacca"],"_links":{"self":[{"href":"https:\/\/muycritico.com.ar\/web\/index.php?rest_route=\/wp\/v2\/posts\/2858","targetHints":{"allow":["GET"]}}],"collection":[{"href":"https:\/\/muycritico.com.ar\/web\/index.php?rest_route=\/wp\/v2\/posts"}],"about":[{"href":"https:\/\/muycritico.com.ar\/web\/index.php?rest_route=\/wp\/v2\/types\/post"}],"author":[{"embeddable":true,"href":"https:\/\/muycritico.com.ar\/web\/index.php?rest_route=\/wp\/v2\/users\/2"}],"replies":[{"embeddable":true,"href":"https:\/\/muycritico.com.ar\/web\/index.php?rest_route=%2Fwp%2Fv2%2Fcomments&post=2858"}],"version-history":[{"count":1,"href":"https:\/\/muycritico.com.ar\/web\/index.php?rest_route=\/wp\/v2\/posts\/2858\/revisions"}],"predecessor-version":[{"id":2860,"href":"https:\/\/muycritico.com.ar\/web\/index.php?rest_route=\/wp\/v2\/posts\/2858\/revisions\/2860"}],"wp:featuredmedia":[{"embeddable":true,"href":"https:\/\/muycritico.com.ar\/web\/index.php?rest_route=\/wp\/v2\/media\/2859"}],"wp:attachment":[{"href":"https:\/\/muycritico.com.ar\/web\/index.php?rest_route=%2Fwp%2Fv2%2Fmedia&parent=2858"}],"wp:term":[{"taxonomy":"category","embeddable":true,"href":"https:\/\/muycritico.com.ar\/web\/index.php?rest_route=%2Fwp%2Fv2%2Fcategories&post=2858"},{"taxonomy":"post_tag","embeddable":true,"href":"https:\/\/muycritico.com.ar\/web\/index.php?rest_route=%2Fwp%2Fv2%2Ftags&post=2858"}],"curies":[{"name":"wp","href":"https:\/\/api.w.org\/{rel}","templated":true}]}}