{"id":2755,"date":"2024-07-17T09:13:41","date_gmt":"2024-07-17T12:13:41","guid":{"rendered":"https:\/\/muycritico.com.ar\/web\/?p=2755"},"modified":"2026-01-18T19:23:58","modified_gmt":"2026-01-18T22:23:58","slug":"la-aventura-municipal-de-bettina-romero-les-costo-a-los-saltenos-siete-mil-millones","status":"publish","type":"post","link":"https:\/\/muycritico.com.ar\/web\/?p=2755","title":{"rendered":"LA \u201cAVENTURA\u201d MUNICIPAL DE BETTINA ROMERO LES COST\u00d3 A LOS SALTE\u00d1OS SIETE MIL MILLONES"},"content":{"rendered":"<p><strong>Seg\u00fan el intendente Emiliano Durand, \u201cla mitad de la deuda ya la hemos cancelado\u201d, explic\u00f3 al periodista Dani Guti\u00e9rrez en el ciclo AGENDA ABIERTA. Adem\u00e1s detall\u00f3: \u201cLa hemos achicado, enormemente &#8211; parte refinanciada &#8211;\u00a0 y, todo, con el respaldo de la Provincia\u201d. La deuda recibida de la gesti\u00f3n Romero fue de m\u00e1s de $7 mil millones, y alrededor de $3 mil millones en deuda a determinar con proveedores y dem\u00e1s.<\/strong><\/p>\n<p><!--more--><\/p>\n<p>La dolorosa y nefasta experiencia de haber tenido a un Romero m\u00e1s en el poder le ha costado demasiado caro a los salte\u00f1os. Una deuda infernal, servicios abandonados, desconfianza de los vecinos y obras inconclusas fueron parte de la herencia de la exjefa comunal. Am\u00e9n del pago a dos consultoras de Buenos Aires que sus dos edecanes \u2013Agustina Gallo y Valeria Capisano\u2013 jam\u00e1s explicaron que hicieron con ese dinero.<\/p>\n<p>Pero ya pasaron siete meses y a diferencia de la gesti\u00f3n que le precedi\u00f3, \u201cya no se trata de gastar lo que al intendente le parece o\u00a0 lo\u00a0 que al funcionario le parece\u201d. \u201cAc\u00e1 en mi gesti\u00f3n no vamos a comprar macetas ni hacer esas cosas, sino lo que la ciudad necesita y la gente necesita\u201d, se diferenci\u00f3 de este modo de los\u00a0 pol\u00e9micos gastos de la gesti\u00f3n anterior.<\/p>\n<p><iframe loading=\"lazy\" title=\"AGENDA ABIERTA - PROGRAMA DEL MARTES 16 DE JUlIO DEL 2024\" width=\"696\" height=\"392\" src=\"https:\/\/www.youtube.com\/embed\/HyML4z4TiKc?feature=oembed\" frameborder=\"0\" allow=\"accelerometer; autoplay; clipboard-write; encrypted-media; gyroscope; picture-in-picture; web-share\" referrerpolicy=\"strict-origin-when-cross-origin\" allowfullscreen><\/iframe><\/p>\n<p>En ese sentido, ponder\u00f3 el gasto \u201caustero\u201d, pero \u201cpreciso\u201d de los recursos de los vecinos. En sinton\u00eda, remarc\u00f3 el plan de recuperaci\u00f3n de las calles, plan h\u00eddrico para sanear los canales junto al Ej\u00e9rcito, la puesta en funcionamiento de servicios que, seg\u00fan dijo, se los priv\u00f3 de mantenimiento m\u00ednimo. Por citar un ejemplo, cont\u00f3 que las gr\u00faas de Tr\u00e1nsito no estaban operativas porque faltaban \u201cpeque\u00f1os\u201d repuestos. \u201cLo que hemos recuperado del parque vehicular de la Municipalidad ha sido enorme\u201d, destac\u00f3.<\/p>\n<p>Siguiendo esa misma l\u00ednea, el Intendente acentu\u00f3, que en oposici\u00f3n a los cuatro a\u00f1os de Bettina Romero, \u201cya ning\u00fan funcionario tiene veh\u00edculo municipal y, todas esas pavadas que exist\u00edan, ahora est\u00e1n afectadas al servicio de la comunidad\u201d, complet\u00f3.<\/p>\n","protected":false},"excerpt":{"rendered":"<p>Seg\u00fan el intendente Emiliano Durand, \u201cla mitad de la deuda ya la hemos cancelado\u201d, explic\u00f3 al periodista Dani Guti\u00e9rrez en el ciclo AGENDA ABIERTA. Adem\u00e1s detall\u00f3: \u201cLa hemos achicado, enormemente &#8211; parte refinanciada &#8211;\u00a0 y, todo, con el respaldo de la Provincia\u201d. La deuda recibida de la gesti\u00f3n Romero fue de m\u00e1s de $7 mil [&hellip;]<\/p>\n","protected":false},"author":2,"featured_media":2756,"comment_status":"open","ping_status":"closed","sticky":false,"template":"","format":"standard","meta":{"footnotes":""},"categories":[6],"tags":[187,872],"class_list":["post-2755","post","type-post","status-publish","format-standard","has-post-thumbnail","hentry","category-notas","tag-emiliano-durand","tag-victor-sacca"],"_links":{"self":[{"href":"https:\/\/muycritico.com.ar\/web\/index.php?rest_route=\/wp\/v2\/posts\/2755","targetHints":{"allow":["GET"]}}],"collection":[{"href":"https:\/\/muycritico.com.ar\/web\/index.php?rest_route=\/wp\/v2\/posts"}],"about":[{"href":"https:\/\/muycritico.com.ar\/web\/index.php?rest_route=\/wp\/v2\/types\/post"}],"author":[{"embeddable":true,"href":"https:\/\/muycritico.com.ar\/web\/index.php?rest_route=\/wp\/v2\/users\/2"}],"replies":[{"embeddable":true,"href":"https:\/\/muycritico.com.ar\/web\/index.php?rest_route=%2Fwp%2Fv2%2Fcomments&post=2755"}],"version-history":[{"count":1,"href":"https:\/\/muycritico.com.ar\/web\/index.php?rest_route=\/wp\/v2\/posts\/2755\/revisions"}],"predecessor-version":[{"id":2757,"href":"https:\/\/muycritico.com.ar\/web\/index.php?rest_route=\/wp\/v2\/posts\/2755\/revisions\/2757"}],"wp:featuredmedia":[{"embeddable":true,"href":"https:\/\/muycritico.com.ar\/web\/index.php?rest_route=\/wp\/v2\/media\/2756"}],"wp:attachment":[{"href":"https:\/\/muycritico.com.ar\/web\/index.php?rest_route=%2Fwp%2Fv2%2Fmedia&parent=2755"}],"wp:term":[{"taxonomy":"category","embeddable":true,"href":"https:\/\/muycritico.com.ar\/web\/index.php?rest_route=%2Fwp%2Fv2%2Fcategories&post=2755"},{"taxonomy":"post_tag","embeddable":true,"href":"https:\/\/muycritico.com.ar\/web\/index.php?rest_route=%2Fwp%2Fv2%2Ftags&post=2755"}],"curies":[{"name":"wp","href":"https:\/\/api.w.org\/{rel}","templated":true}]}}