{"id":2718,"date":"2024-07-13T10:40:22","date_gmt":"2024-07-13T13:40:22","guid":{"rendered":"https:\/\/muycritico.com.ar\/web\/?p=2718"},"modified":"2026-01-18T19:23:59","modified_gmt":"2026-01-18T22:23:59","slug":"la-psicopata-cintia-quintana-llega-a-juicio-por-quemar-y-matar-al-perrito-zeus","status":"publish","type":"post","link":"https:\/\/muycritico.com.ar\/web\/?p=2718","title":{"rendered":"LA PSIC\u00d3PATA CINTIA QUINTANA LLEGA A JUICIO POR QUEMAR Y MATAR AL PERRITO ZEUS"},"content":{"rendered":"<p><strong>La responsable de tal crueldad responde al nombre de Cintia Quintana de 26 a\u00f1os y le espera un juicio por barb\u00e1ricos actos de crueldad animal. El fiscal penal Daniel Alejandro Escalante, interino en la Fiscal\u00eda Penal 4 en feria, abri\u00f3 decreto de imputaci\u00f3n de forma provisional para la psic\u00f3pata en cuesti\u00f3n como autora de los delitos de actos de crueldad animal (dos hechos) y amenazas (dos hechos) en concurso real.<\/strong><\/p>\n<p><!--more--><\/p>\n<p>La ciencia forense sostiene que los asesinos seriales reconocen una primera etapa atormentando y matando animales peque\u00f1os para luego pasar a matar seres humanos. Es el caso de Jeffrey Dahmer, tambi\u00e9n conocido como el Can\u00edbal de Milwaukee, a quien NETFLIX le decida una serie que muestra su org\u00eda de muerte que consist\u00eda en asesinar y comerse a sus v\u00edctimas. Dahmer empez\u00f3 practicando con animales durante su infancia y adolescencia.<\/p>\n<p>En el caso de Cintia Quintana, una psic\u00f3pata de Villa Floresta quien ha perpetrado actos de extrema maldad contra animales llega a juicio en medio de la feria judicial. La primera denuncia fue realizada en octubre de 2022 por la propietaria de un perro mestizo negro, de nueve meses de edad que hab\u00eda sufrido quemaduras en la totalidad del cuerpo y que falleci\u00f3 20 d\u00edas despu\u00e9s. All\u00ed manifest\u00f3 que sospechaba de la pareja de su hijo como autora del atentado contra el animal y que en ocasi\u00f3n de defender a su hijo cuando era agredido por la mujer y \u00e9sta le profiri\u00f3 amenazas.<\/p>\n<p><iframe loading=\"lazy\" style=\"border: none; overflow: hidden;\" src=\"https:\/\/www.facebook.com\/plugins\/post.php?href=https%3A%2F%2Fwww.facebook.com%2Fpermalink.php%3Fstory_fbid%3Dpfbid02tfncMFNEPCwEoBSTNv3n8wdXH7XomtkFELMbkWSbbx2C8B41TagSvJULkNUyn74Gl%26id%3D100008300284872&amp;show_text=true&amp;width=500\" width=\"500\" height=\"620\" frameborder=\"0\" scrolling=\"no\" allowfullscreen=\"allowfullscreen\"><\/iframe><\/p>\n<p>La segunda denuncia por maltrato animal se radic\u00f3 el 3 de noviembre del mismo a\u00f1o,\u00a0 donde la misma persona refer\u00eda que su gato hab\u00eda sido encontrado sin vida, recostado sobre el piso y con manchas sanguinolentas e indicaba a la acusada como sospechosa.<\/p>\n<p>La mascota fue trasladada al Hospital Municipal de Salud Animal, donde la m\u00e9dica veterinaria diagnostic\u00f3 que la muerte del felino se produjo por un traumatismo enc\u00e9falocraneano, con hemorragia en cavidad bucal e interna.<\/p>\n<p>Durante la etapa investigativa, se recogieron testimonios considerados de importancia para conocer el contexto en el que se produjeron los hechos, la incorporaci\u00f3n de los informes solicitados, los que constituyen los elementos de convicci\u00f3n necesarios para abrir decreto de imputaci\u00f3n y citar a la mujer de 26 para la pr\u00f3xima semana a sede fiscal.<\/p>\n<p>El fiscal Escalante cita en el decreto de imputaci\u00f3n, la Declaraci\u00f3n de Toulon, del 29 de marzo de 2019, en Toulon, Francia, declaro que: \u201c\u2026Que los animales deben considerarse universalmente como personas y no como cosas. Que es urgente terminar de una vez por todas con el predominio de la cosificaci\u00f3n. Que el conocimiento actual demanda una perspectiva jur\u00eddica nueva respecto a los animales. Que en consecuencia de lo anterior, debe reconocerse la condici\u00f3n de persona, en t\u00e9rminos jur\u00eddicos, de los animales.<\/p>\n<p>Tambi\u00e9n menciona que, la doctrina especializada, desde el enfoque de la ley 14.346, el car\u00e1cter de \u201cv\u00edctima\u201d asignado por la ley precitada a los animales, se desprenden tres cuestiones. La primera, que s\u00f3lo se puede ser cruel con un sujeto que tiene capacidad de sufrimiento, es decir, un ser sintiente, capaz de experimentar dolor y placer, con conciencia de s\u00ed mismo y del mundo que lo rodea. La segunda, que al ser considerados \u201cv\u00edctimas\u201d, son sujetos pasivos del delito en cuesti\u00f3n, destinatarios directos del \u00e1mbito de protecci\u00f3n de la norma. La tercera, es que, si son \u201cv\u00edctimas\u201d en tanto seres sintientes, ello conlleva a su reconocimiento impl\u00edcito como sujetos de derecho\u201d.<\/p>\n","protected":false},"excerpt":{"rendered":"<p>La responsable de tal crueldad responde al nombre de Cintia Quintana de 26 a\u00f1os y le espera un juicio por barb\u00e1ricos actos de crueldad animal. El fiscal penal Daniel Alejandro Escalante, interino en la Fiscal\u00eda Penal 4 en feria, abri\u00f3 decreto de imputaci\u00f3n de forma provisional para la psic\u00f3pata en cuesti\u00f3n como autora de los [&hellip;]<\/p>\n","protected":false},"author":2,"featured_media":2719,"comment_status":"open","ping_status":"closed","sticky":false,"template":"","format":"standard","meta":{"footnotes":""},"categories":[6],"tags":[512,511,513,872],"class_list":["post-2718","post","type-post","status-publish","format-standard","has-post-thumbnail","hentry","category-notas","tag-cintia-quintana","tag-jeffrey-dahmer","tag-maltrato-animal","tag-victor-sacca"],"_links":{"self":[{"href":"https:\/\/muycritico.com.ar\/web\/index.php?rest_route=\/wp\/v2\/posts\/2718","targetHints":{"allow":["GET"]}}],"collection":[{"href":"https:\/\/muycritico.com.ar\/web\/index.php?rest_route=\/wp\/v2\/posts"}],"about":[{"href":"https:\/\/muycritico.com.ar\/web\/index.php?rest_route=\/wp\/v2\/types\/post"}],"author":[{"embeddable":true,"href":"https:\/\/muycritico.com.ar\/web\/index.php?rest_route=\/wp\/v2\/users\/2"}],"replies":[{"embeddable":true,"href":"https:\/\/muycritico.com.ar\/web\/index.php?rest_route=%2Fwp%2Fv2%2Fcomments&post=2718"}],"version-history":[{"count":3,"href":"https:\/\/muycritico.com.ar\/web\/index.php?rest_route=\/wp\/v2\/posts\/2718\/revisions"}],"predecessor-version":[{"id":2722,"href":"https:\/\/muycritico.com.ar\/web\/index.php?rest_route=\/wp\/v2\/posts\/2718\/revisions\/2722"}],"wp:featuredmedia":[{"embeddable":true,"href":"https:\/\/muycritico.com.ar\/web\/index.php?rest_route=\/wp\/v2\/media\/2719"}],"wp:attachment":[{"href":"https:\/\/muycritico.com.ar\/web\/index.php?rest_route=%2Fwp%2Fv2%2Fmedia&parent=2718"}],"wp:term":[{"taxonomy":"category","embeddable":true,"href":"https:\/\/muycritico.com.ar\/web\/index.php?rest_route=%2Fwp%2Fv2%2Fcategories&post=2718"},{"taxonomy":"post_tag","embeddable":true,"href":"https:\/\/muycritico.com.ar\/web\/index.php?rest_route=%2Fwp%2Fv2%2Ftags&post=2718"}],"curies":[{"name":"wp","href":"https:\/\/api.w.org\/{rel}","templated":true}]}}