{"id":2712,"date":"2024-07-12T11:52:57","date_gmt":"2024-07-12T14:52:57","guid":{"rendered":"https:\/\/muycritico.com.ar\/web\/?p=2712"},"modified":"2026-01-18T19:23:59","modified_gmt":"2026-01-18T22:23:59","slug":"manana-sabado-la-municipalidad-atendera-en-villa-mitre","status":"publish","type":"post","link":"https:\/\/muycritico.com.ar\/web\/?p=2712","title":{"rendered":"MA\u00d1ANA S\u00c1BADO LA MUNICIPALIDAD ATENDER\u00c1 EN VILLA MITRE"},"content":{"rendered":"<p><strong>En el marco del programa \u201cLa Muni en tu barrio\u201d, se instalar\u00e1n stands de diferentes \u00e1reas para tr\u00e1mites y asesoramiento. Los vecinos podr\u00e1n acercarse al predio deportivo del colegio Sargento Cabral, en la intersecci\u00f3n de Joaqu\u00edn Ramos y Ana Albeza, a partir de las 10.<\/strong><\/p>\n<p><!--more--><\/p>\n<p>Desde que inici\u00f3 la gesti\u00f3n del intendente, Emiliano Durand, se profundiz\u00f3 la descentralizaci\u00f3n de los servicios municipales, llegando a barrios de distintos puntos de la ciudad, en el marco del programa \u201cLa Muni en tu barrio\u201d.<\/p>\n<p>Ma\u00f1ana s\u00e1bado 13, a partir de las 10, trabajadores municipales de diferentes \u00e1reas de gobierno estar\u00e1n presentes en el predio deportivo del colegio Sargento Cabral, en la intersecci\u00f3n de Joaqu\u00edn Ramos y Ana Albeza, de Villa Mitre.<\/p>\n<p>En cada edici\u00f3n, se atiende a los vecinos, por orden de llegada, para que puedan realizar diversos tr\u00e1mites, recibir asesoramiento y acceder a los servicios de la comuna.<\/p>\n<p>Entre las consultas que se pueden realizar se encuentra todo lo referido a: habilitaciones, alumbrado p\u00fablico, microbasurales, desmalezado, cami\u00f3n atmosf\u00e9rico, inspecciones, se\u00f1alizaci\u00f3n, planos, licencias de conducir, armado de notas y curr\u00edculum vitae con simulaci\u00f3n de entrevistas, entre otros.<\/p>\n<p>Adem\u00e1s, profesionales abogados, arquitectos, contadores, t\u00e9cnicos inform\u00e1ticos, maestros mayores de obra y nutricionistas, atender\u00e1n diferentes consultas.<\/p>\n<p>En esta oportunidad, se sumar\u00e1 nuevamente el m\u00f3vil del Centro Regional de Hemoterapia y se brindar\u00e1n diversos servicios como vacunaci\u00f3n antirr\u00e1bica, atenci\u00f3n en peluquer\u00eda, entre otros.<\/p>\n","protected":false},"excerpt":{"rendered":"<p>En el marco del programa \u201cLa Muni en tu barrio\u201d, se instalar\u00e1n stands de diferentes \u00e1reas para tr\u00e1mites y asesoramiento. Los vecinos podr\u00e1n acercarse al predio deportivo del colegio Sargento Cabral, en la intersecci\u00f3n de Joaqu\u00edn Ramos y Ana Albeza, a partir de las 10.<\/p>\n","protected":false},"author":2,"featured_media":2713,"comment_status":"open","ping_status":"closed","sticky":false,"template":"","format":"standard","meta":{"footnotes":""},"categories":[6],"tags":[872],"class_list":["post-2712","post","type-post","status-publish","format-standard","has-post-thumbnail","hentry","category-notas","tag-victor-sacca"],"_links":{"self":[{"href":"https:\/\/muycritico.com.ar\/web\/index.php?rest_route=\/wp\/v2\/posts\/2712","targetHints":{"allow":["GET"]}}],"collection":[{"href":"https:\/\/muycritico.com.ar\/web\/index.php?rest_route=\/wp\/v2\/posts"}],"about":[{"href":"https:\/\/muycritico.com.ar\/web\/index.php?rest_route=\/wp\/v2\/types\/post"}],"author":[{"embeddable":true,"href":"https:\/\/muycritico.com.ar\/web\/index.php?rest_route=\/wp\/v2\/users\/2"}],"replies":[{"embeddable":true,"href":"https:\/\/muycritico.com.ar\/web\/index.php?rest_route=%2Fwp%2Fv2%2Fcomments&post=2712"}],"version-history":[{"count":1,"href":"https:\/\/muycritico.com.ar\/web\/index.php?rest_route=\/wp\/v2\/posts\/2712\/revisions"}],"predecessor-version":[{"id":2714,"href":"https:\/\/muycritico.com.ar\/web\/index.php?rest_route=\/wp\/v2\/posts\/2712\/revisions\/2714"}],"wp:featuredmedia":[{"embeddable":true,"href":"https:\/\/muycritico.com.ar\/web\/index.php?rest_route=\/wp\/v2\/media\/2713"}],"wp:attachment":[{"href":"https:\/\/muycritico.com.ar\/web\/index.php?rest_route=%2Fwp%2Fv2%2Fmedia&parent=2712"}],"wp:term":[{"taxonomy":"category","embeddable":true,"href":"https:\/\/muycritico.com.ar\/web\/index.php?rest_route=%2Fwp%2Fv2%2Fcategories&post=2712"},{"taxonomy":"post_tag","embeddable":true,"href":"https:\/\/muycritico.com.ar\/web\/index.php?rest_route=%2Fwp%2Fv2%2Ftags&post=2712"}],"curies":[{"name":"wp","href":"https:\/\/api.w.org\/{rel}","templated":true}]}}