{"id":2592,"date":"2024-07-02T18:11:33","date_gmt":"2024-07-02T21:11:33","guid":{"rendered":"https:\/\/muycritico.com.ar\/web\/?p=2592"},"modified":"2026-01-18T19:24:03","modified_gmt":"2026-01-18T22:24:03","slug":"se-abstuvo-de-declarar-el-loco-del-pico","status":"publish","type":"post","link":"https:\/\/muycritico.com.ar\/web\/?p=2592","title":{"rendered":"SE ABSTUVO DE DECLARAR \u201cEL LOCO DEL PICO\u201d"},"content":{"rendered":"<p><strong>El hecho ocurri\u00f3 el pasado jueves en la zona norte de la ciudad de Salta, donde una mujer fue agredida con un elemento contundente y falleci\u00f3 horas despu\u00e9s. El hombre, quien permanece hospitalizado, fue imputado este lunes y se solicit\u00f3 que permanezca detenido.<\/strong><\/p>\n<p><!--more--><\/p>\n<p>La fiscal penal de la Unidad de Femicidios, M\u00f3nica Poma, imput\u00f3 de forma provisional a un hombre de 60 a\u00f1os como autor del delito de homicidio agravado por el v\u00ednculo, por alevos\u00eda, ensa\u00f1amiento y por mediar violencia de g\u00e9nero.<\/p>\n<p>Durante la audiencia de imputaci\u00f3n, realizada en el lugar de internaci\u00f3n, fue asistido por defensa oficial y se abstuvo de declarar. Desde la Fiscal\u00eda se solicit\u00f3 al Juzgado de Garant\u00edas 5 del distrito Centro, que se mantenga detenido, mientras se encuentran en cumplimiento numerosas medidas dispuestas para lograr el esclarecimiento del hecho.<\/p>\n<p>El hecho investigado ocurri\u00f3 el pasado jueves 27 de junio por la ma\u00f1ana en la zona norte de la ciudad de Salta, donde una mujer de 45 a\u00f1os fue lesionada con elemento contundente y falleci\u00f3 horas despu\u00e9s en el hospital San Bernardo.<\/p>\n<p>Por el hecho, se solicit\u00f3 la detenci\u00f3n del esposo de la mujer como principal sospechoso de la agresi\u00f3n.<\/p>\n","protected":false},"excerpt":{"rendered":"<p>El hecho ocurri\u00f3 el pasado jueves en la zona norte de la ciudad de Salta, donde una mujer fue agredida con un elemento contundente y falleci\u00f3 horas despu\u00e9s. El hombre, quien permanece hospitalizado, fue imputado este lunes y se solicit\u00f3 que permanezca detenido.<\/p>\n","protected":false},"author":2,"featured_media":2593,"comment_status":"open","ping_status":"closed","sticky":false,"template":"","format":"standard","meta":{"footnotes":""},"categories":[6],"tags":[872],"class_list":["post-2592","post","type-post","status-publish","format-standard","has-post-thumbnail","hentry","category-notas","tag-victor-sacca"],"_links":{"self":[{"href":"https:\/\/muycritico.com.ar\/web\/index.php?rest_route=\/wp\/v2\/posts\/2592","targetHints":{"allow":["GET"]}}],"collection":[{"href":"https:\/\/muycritico.com.ar\/web\/index.php?rest_route=\/wp\/v2\/posts"}],"about":[{"href":"https:\/\/muycritico.com.ar\/web\/index.php?rest_route=\/wp\/v2\/types\/post"}],"author":[{"embeddable":true,"href":"https:\/\/muycritico.com.ar\/web\/index.php?rest_route=\/wp\/v2\/users\/2"}],"replies":[{"embeddable":true,"href":"https:\/\/muycritico.com.ar\/web\/index.php?rest_route=%2Fwp%2Fv2%2Fcomments&post=2592"}],"version-history":[{"count":1,"href":"https:\/\/muycritico.com.ar\/web\/index.php?rest_route=\/wp\/v2\/posts\/2592\/revisions"}],"predecessor-version":[{"id":2594,"href":"https:\/\/muycritico.com.ar\/web\/index.php?rest_route=\/wp\/v2\/posts\/2592\/revisions\/2594"}],"wp:featuredmedia":[{"embeddable":true,"href":"https:\/\/muycritico.com.ar\/web\/index.php?rest_route=\/wp\/v2\/media\/2593"}],"wp:attachment":[{"href":"https:\/\/muycritico.com.ar\/web\/index.php?rest_route=%2Fwp%2Fv2%2Fmedia&parent=2592"}],"wp:term":[{"taxonomy":"category","embeddable":true,"href":"https:\/\/muycritico.com.ar\/web\/index.php?rest_route=%2Fwp%2Fv2%2Fcategories&post=2592"},{"taxonomy":"post_tag","embeddable":true,"href":"https:\/\/muycritico.com.ar\/web\/index.php?rest_route=%2Fwp%2Fv2%2Ftags&post=2592"}],"curies":[{"name":"wp","href":"https:\/\/api.w.org\/{rel}","templated":true}]}}