{"id":2589,"date":"2024-07-02T14:49:30","date_gmt":"2024-07-02T17:49:30","guid":{"rendered":"https:\/\/muycritico.com.ar\/web\/?p=2589"},"modified":"2026-01-18T19:24:03","modified_gmt":"2026-01-18T22:24:03","slug":"realizan-tareas-de-recuperacion-de-calzada-en-san-luis-al-2-400-y-la-rioja-al-1-700","status":"publish","type":"post","link":"https:\/\/muycritico.com.ar\/web\/?p=2589","title":{"rendered":"REALIZAN TAREAS DE RECUPERACI\u00d3N DE CALZADA EN SAN LUIS AL 2.400 Y LA RIOJA AL 1.700"},"content":{"rendered":"<p><strong>Los trabajos se encuentran actualmente en etapa de demolici\u00f3n de las placas de hormig\u00f3n da\u00f1ado para luego proceder a la construcci\u00f3n del paquete estructural y rellenado con nuevo concreto asf\u00e1ltico.<\/strong><\/p>\n<p><!--more--><\/p>\n<p>La Municipalidad avanza con el plan de recuperaci\u00f3n de calles mediante diversos frentes de obra; en algunos ya se coloc\u00f3 el nuevo hormig\u00f3n por lo que la habilitaci\u00f3n del tr\u00e1nsito se producir\u00e1 cuando se complete el tiempo de fraguado; en tanto que en otros sectores se est\u00e1n demoliendo las placas da\u00f1adas.<\/p>\n<p>Actualmente, los trabajos se est\u00e1n desarrollando de la siguiente manera:<\/p>\n<p>La Rioja esq. Pje Los Andes \u2013 Preparaci\u00f3n de cancha<\/p>\n<p>La Rioja 1652 \u2013 Demolici\u00f3n y excavaci\u00f3n<\/p>\n<p>Pje. Santa Victoria esq. La Rioja \u2013 Corte de hormig\u00f3n y demolici\u00f3n<\/p>\n<p>San Luis esq. Pje. Figueroa \u2013 Corte de hormig\u00f3n y demolici\u00f3n<\/p>\n<p>San Luis 2500 \u2013 Corte y demolici\u00f3n<\/p>\n<p>San Luis 2497 \u2013 Corte y demolici\u00f3n<\/p>\n<p>San Luis 2485 \u2013 Corte y demolici\u00f3n<\/p>\n<p>Debido a la presencia de operarios y maquinarias, se solicita a los conductores evitar circular por la zona o utilizar v\u00edas alternativas para evitar congestionamientos en el tr\u00e1nsito.<\/p>\n<p><iframe loading=\"lazy\" title=\"Realizan tareas de recuperaci\u00f3n de calzada en San Luis al 2.400 y La Rioja al 1.700\" width=\"696\" height=\"392\" src=\"https:\/\/www.youtube.com\/embed\/zcQMXhH1KTo?feature=oembed\" frameborder=\"0\" allow=\"accelerometer; autoplay; clipboard-write; encrypted-media; gyroscope; picture-in-picture; web-share\" referrerpolicy=\"strict-origin-when-cross-origin\" allowfullscreen><\/iframe><\/p>\n","protected":false},"excerpt":{"rendered":"<p>Los trabajos se encuentran actualmente en etapa de demolici\u00f3n de las placas de hormig\u00f3n da\u00f1ado para luego proceder a la construcci\u00f3n del paquete estructural y rellenado con nuevo concreto asf\u00e1ltico.<\/p>\n","protected":false},"author":2,"featured_media":2590,"comment_status":"open","ping_status":"closed","sticky":false,"template":"","format":"standard","meta":{"footnotes":""},"categories":[6],"tags":[872],"class_list":["post-2589","post","type-post","status-publish","format-standard","has-post-thumbnail","hentry","category-notas","tag-victor-sacca"],"_links":{"self":[{"href":"https:\/\/muycritico.com.ar\/web\/index.php?rest_route=\/wp\/v2\/posts\/2589","targetHints":{"allow":["GET"]}}],"collection":[{"href":"https:\/\/muycritico.com.ar\/web\/index.php?rest_route=\/wp\/v2\/posts"}],"about":[{"href":"https:\/\/muycritico.com.ar\/web\/index.php?rest_route=\/wp\/v2\/types\/post"}],"author":[{"embeddable":true,"href":"https:\/\/muycritico.com.ar\/web\/index.php?rest_route=\/wp\/v2\/users\/2"}],"replies":[{"embeddable":true,"href":"https:\/\/muycritico.com.ar\/web\/index.php?rest_route=%2Fwp%2Fv2%2Fcomments&post=2589"}],"version-history":[{"count":1,"href":"https:\/\/muycritico.com.ar\/web\/index.php?rest_route=\/wp\/v2\/posts\/2589\/revisions"}],"predecessor-version":[{"id":2591,"href":"https:\/\/muycritico.com.ar\/web\/index.php?rest_route=\/wp\/v2\/posts\/2589\/revisions\/2591"}],"wp:featuredmedia":[{"embeddable":true,"href":"https:\/\/muycritico.com.ar\/web\/index.php?rest_route=\/wp\/v2\/media\/2590"}],"wp:attachment":[{"href":"https:\/\/muycritico.com.ar\/web\/index.php?rest_route=%2Fwp%2Fv2%2Fmedia&parent=2589"}],"wp:term":[{"taxonomy":"category","embeddable":true,"href":"https:\/\/muycritico.com.ar\/web\/index.php?rest_route=%2Fwp%2Fv2%2Fcategories&post=2589"},{"taxonomy":"post_tag","embeddable":true,"href":"https:\/\/muycritico.com.ar\/web\/index.php?rest_route=%2Fwp%2Fv2%2Ftags&post=2589"}],"curies":[{"name":"wp","href":"https:\/\/api.w.org\/{rel}","templated":true}]}}