{"id":2586,"date":"2024-07-02T11:21:10","date_gmt":"2024-07-02T14:21:10","guid":{"rendered":"https:\/\/muycritico.com.ar\/web\/?p=2586"},"modified":"2026-01-18T19:24:03","modified_gmt":"2026-01-18T22:24:03","slug":"condenaron-a-2-de-los-5-medicos-acusados-del-hospital-de-general-guemes","status":"publish","type":"post","link":"https:\/\/muycritico.com.ar\/web\/?p=2586","title":{"rendered":"CONDENARON A 2 DE LOS 5 M\u00c9DICOS ACUSADOS DEL HOSPITAL DE GENERAL G\u00dcEMES"},"content":{"rendered":"<p><strong>Los jueces de la Sala V del Tribunal de Juicio condenaron a dos m\u00e9dicos del Hospital \u201cJoaqu\u00edn Castellanos\u201d de General G\u00fcemes por el delito de incumplimiento de los deberes de funcionario p\u00fablico.<\/strong><\/p>\n<p><!--more--><\/p>\n<p>Jorge Barni Garc\u00eda (m\u00e9dico especialista en cirug\u00eda general), de 71 a\u00f1os, y Marcelo Quiroga (m\u00e9dico especialista en medicina general), de 50 a\u00f1os, fueron condenados a la pena de un a\u00f1o de prisi\u00f3n condicional e inhabilitaci\u00f3n especial para ejercer cargos p\u00fablicos por el t\u00e9rmino de dos a\u00f1os.<\/p>\n<p>Los profesionales fueron denunciados por un hecho ocurrido el 18 de junio de 2015, en el hospital de G\u00fcemes. En ese momento, Barni Garc\u00eda era el gerente general del nosocomio y Quiroga, el gerente de Atenci\u00f3n a las Personas.<\/p>\n<p>En el mismo fallo, Eduardo Elpidio Villagra (m\u00e9dico anestesi\u00f3logo) y Roberto Francisco Far\u00edas (m\u00e9dico especialista en ginecolog\u00eda y obstetricia) fueron absueltos del delito de abandono de persona con grave da\u00f1o a la salud.<\/p>\n<p>Ambos profesionales junto al quinto imputado, Alejandro Cortez Bellomo, resultaron absueltos tambi\u00e9n del delito de incumplimiento de los deberes de funcionario p\u00fablico por los art\u00edculos 426 y 429 inciso \u201cc\u201d y 484 del C\u00f3digo Procesal Penal.<\/p>\n<p>Los jueces hicieron lugar a la demanda civil presentada en la causa y condenaron solidariamente a Barni Garc\u00eda, a Quiroga y a la Provincia de Salta al pago de 800 mil pesos a los damnificados, m\u00e1s los intereses correspondientes, en concepto de indemnizaci\u00f3n por el da\u00f1o moral causado.<\/p>\n<p>La denuncia fue presentada por un residente de General G\u00fcemes, quien refiri\u00f3 que el 17 de Junio de 2015 su esposa embarazada de 38 semanas concurri\u00f3 al nosocomio local con contracciones y problemas de presi\u00f3n, pero por falta de anestesista fue derivada a Salta, donde su beb\u00e9 naci\u00f3 sin vida.<\/p>\n<p>La audiencia de debate se llev\u00f3 a cabo con tribunal colegiado integrado por los jueces de la Sala V, Gabriela Romero Nayar (presidenta), Marcelo Rubio (vocal) y Jos\u00e9 Luis Riera (vocal interino).<\/p>\n","protected":false},"excerpt":{"rendered":"<p>Los jueces de la Sala V del Tribunal de Juicio condenaron a dos m\u00e9dicos del Hospital \u201cJoaqu\u00edn Castellanos\u201d de General G\u00fcemes por el delito de incumplimiento de los deberes de funcionario p\u00fablico.<\/p>\n","protected":false},"author":2,"featured_media":2587,"comment_status":"open","ping_status":"closed","sticky":false,"template":"","format":"standard","meta":{"footnotes":""},"categories":[6],"tags":[872],"class_list":["post-2586","post","type-post","status-publish","format-standard","has-post-thumbnail","hentry","category-notas","tag-victor-sacca"],"_links":{"self":[{"href":"https:\/\/muycritico.com.ar\/web\/index.php?rest_route=\/wp\/v2\/posts\/2586","targetHints":{"allow":["GET"]}}],"collection":[{"href":"https:\/\/muycritico.com.ar\/web\/index.php?rest_route=\/wp\/v2\/posts"}],"about":[{"href":"https:\/\/muycritico.com.ar\/web\/index.php?rest_route=\/wp\/v2\/types\/post"}],"author":[{"embeddable":true,"href":"https:\/\/muycritico.com.ar\/web\/index.php?rest_route=\/wp\/v2\/users\/2"}],"replies":[{"embeddable":true,"href":"https:\/\/muycritico.com.ar\/web\/index.php?rest_route=%2Fwp%2Fv2%2Fcomments&post=2586"}],"version-history":[{"count":1,"href":"https:\/\/muycritico.com.ar\/web\/index.php?rest_route=\/wp\/v2\/posts\/2586\/revisions"}],"predecessor-version":[{"id":2588,"href":"https:\/\/muycritico.com.ar\/web\/index.php?rest_route=\/wp\/v2\/posts\/2586\/revisions\/2588"}],"wp:featuredmedia":[{"embeddable":true,"href":"https:\/\/muycritico.com.ar\/web\/index.php?rest_route=\/wp\/v2\/media\/2587"}],"wp:attachment":[{"href":"https:\/\/muycritico.com.ar\/web\/index.php?rest_route=%2Fwp%2Fv2%2Fmedia&parent=2586"}],"wp:term":[{"taxonomy":"category","embeddable":true,"href":"https:\/\/muycritico.com.ar\/web\/index.php?rest_route=%2Fwp%2Fv2%2Fcategories&post=2586"},{"taxonomy":"post_tag","embeddable":true,"href":"https:\/\/muycritico.com.ar\/web\/index.php?rest_route=%2Fwp%2Fv2%2Ftags&post=2586"}],"curies":[{"name":"wp","href":"https:\/\/api.w.org\/{rel}","templated":true}]}}