{"id":2164,"date":"2024-06-05T13:59:03","date_gmt":"2024-06-05T16:59:03","guid":{"rendered":"https:\/\/muycritico.com.ar\/web\/?p=2164"},"modified":"2026-01-18T19:24:19","modified_gmt":"2026-01-18T22:24:19","slug":"no-estan-garantizadas-las-libertades-democraticas-en-argentina","status":"publish","type":"post","link":"https:\/\/muycritico.com.ar\/web\/?p=2164","title":{"rendered":"\u201cNO EST\u00c1N GARANTIZADAS LAS LIBERTADES DEMOCR\u00c1TICAS EN ARGENTINA\u201d"},"content":{"rendered":"<p class=\"MsoNormal\"><b style=\"mso-bidi-font-weight: normal;\">El Partido Obrero anunci\u00f3 que presentar\u00e1n una denuncia ante la CIDH tras el allanamiento ilegal a su local central.<\/b><\/p>\n<p><!--more--><\/p>\n<p class=\"MsoNormal\">Ante una importante concurrencia compuesta por trabajadores de prensa y representantes de diversas organizaciones sociales, pol\u00edticas y de derechos humanos se llev\u00f3 adelante en el local central del Partido Obrero una conferencia de prensa para denunciar el allanamiento ilegal de ese mismo establecimiento por la tarde del lunes 3 de junio, en el marco de una persecuci\u00f3n pol\u00edtica y judicial orquestada por el gobierno de Milei.<\/p>\n<p class=\"MsoNormal\">Primero brind\u00f3 unas palabras de agradecimiento la diputada nacional de Frente de Izquierda para las decenas y decenas de asambleas, sindicatos, agrupaciones y organizaciones, tanto de Argentina como de numerosos pa\u00edses. Luego tom\u00f3 la palabra el legislador porte\u00f1o Gabriel Solano quien comenz\u00f3 con un homenaje a Nora Corti\u00f1as, anunci\u00f3 que denunciar\u00e1n ante la Corte Interamericana de Derechos Humanos que en Argentina no est\u00e1n garantizadas las libertades democr\u00e1ticas y que presentar\u00e1n una denuncia judicial contra la ministra Sandra Petovello por fraude e incumplimiento de deberes de funcionaria p\u00fablica por su negativa de distribuir la comida en los comedores populares mientras se dedica a la contrataci\u00f3n de \u00f1oquis y el pago de sobresueldos.<\/p>\n<p class=\"MsoNormal\">\u201cEl allanamiento al local central del Partido Obrero es un hecho in\u00e9dito y de una gravedad inusitada. A las medidas represivas que el gobierno viene aplicando contra las luchas populares ahora se le suma la persecuci\u00f3n pol\u00edtica contra partidos opositores. La medida fue claramente ilegal porque se hizo sin la orden correspondiente para allanar a nuestro partido. Como era previsible no encontraron ninguna informaci\u00f3n, pero a pesar de ello filmaron todas las instalaciones y realizaron un croquis de las instalaciones, lo cual constituye un trabajo de espionaje\u201d, expres\u00f3 Solano. Tambi\u00e9n subray\u00f3 que el PO se presenta a elecciones desde 40 a\u00f1os, tiene personer\u00edas electorales en todas las provincias, representaci\u00f3n parlamentaria y ha presentado sus balances econ\u00f3micos a la Justicia, siendo siempre aprobados.<\/p>\n<p class=\"MsoNormal\">Solano explic\u00f3 que: \u201cla decisi\u00f3n de presentar una denuncia internacional contra el Estado argentino ante la CIDH se debe a que ninguno de los poderes del estado garantizan la vigencia de las libertades democr\u00e1ticas. Lo prueba la vigencia del DNU 70\/23 y del Protocolo represivo de Bullrich, que en ambos casos atropellan la Constituci\u00f3n Nacional de manera evidente. En ese sentido forma parte de la miserable campa\u00f1a de persecuci\u00f3n, represi\u00f3n y estigmatizaci\u00f3n de las organizaciones populares y piqueteras, que se lleva adelante para poder avanzar en el plan de ajuste\u201d.<\/p>\n<p class=\"MsoNormal\">Para concluir Solano anunci\u00f3 que junto a la presentaci\u00f3n ante la CIDH presentar\u00e1 una denuncia en sede judicial contra Sandra Petovello por fraude contra la administraci\u00f3n p\u00fablica, incumplimiento de deberes, cohecho, cohecho activo, cohecho pasivo, soborno transaccional, malversaci\u00f3n de los caudales p\u00fablicos. Romina Del Pl\u00e1, junto con el resto de los diputados del Frente de Izquierda, present\u00f3 un pedido de interpelaci\u00f3n a la ministra en el Congreso. Se roban el alimento, se roban la plata mientras el pueblo se muere de hambre. El crecimiento de la pobreza y la indigencia en estos meses es responsabilidad completa de este gobierno\u201d.<\/p>\n<p>&nbsp;<\/p>\n<p>&nbsp;<\/p>\n","protected":false},"excerpt":{"rendered":"<p>El Partido Obrero anunci\u00f3 que presentar\u00e1n una denuncia ante la CIDH tras el allanamiento ilegal a su local central.<\/p>\n","protected":false},"author":2,"featured_media":2165,"comment_status":"open","ping_status":"closed","sticky":false,"template":"","format":"standard","meta":{"footnotes":""},"categories":[6],"tags":[872],"class_list":["post-2164","post","type-post","status-publish","format-standard","has-post-thumbnail","hentry","category-notas","tag-victor-sacca"],"_links":{"self":[{"href":"https:\/\/muycritico.com.ar\/web\/index.php?rest_route=\/wp\/v2\/posts\/2164","targetHints":{"allow":["GET"]}}],"collection":[{"href":"https:\/\/muycritico.com.ar\/web\/index.php?rest_route=\/wp\/v2\/posts"}],"about":[{"href":"https:\/\/muycritico.com.ar\/web\/index.php?rest_route=\/wp\/v2\/types\/post"}],"author":[{"embeddable":true,"href":"https:\/\/muycritico.com.ar\/web\/index.php?rest_route=\/wp\/v2\/users\/2"}],"replies":[{"embeddable":true,"href":"https:\/\/muycritico.com.ar\/web\/index.php?rest_route=%2Fwp%2Fv2%2Fcomments&post=2164"}],"version-history":[{"count":1,"href":"https:\/\/muycritico.com.ar\/web\/index.php?rest_route=\/wp\/v2\/posts\/2164\/revisions"}],"predecessor-version":[{"id":2166,"href":"https:\/\/muycritico.com.ar\/web\/index.php?rest_route=\/wp\/v2\/posts\/2164\/revisions\/2166"}],"wp:featuredmedia":[{"embeddable":true,"href":"https:\/\/muycritico.com.ar\/web\/index.php?rest_route=\/wp\/v2\/media\/2165"}],"wp:attachment":[{"href":"https:\/\/muycritico.com.ar\/web\/index.php?rest_route=%2Fwp%2Fv2%2Fmedia&parent=2164"}],"wp:term":[{"taxonomy":"category","embeddable":true,"href":"https:\/\/muycritico.com.ar\/web\/index.php?rest_route=%2Fwp%2Fv2%2Fcategories&post=2164"},{"taxonomy":"post_tag","embeddable":true,"href":"https:\/\/muycritico.com.ar\/web\/index.php?rest_route=%2Fwp%2Fv2%2Ftags&post=2164"}],"curies":[{"name":"wp","href":"https:\/\/api.w.org\/{rel}","templated":true}]}}