{"id":1892,"date":"2024-05-21T13:30:38","date_gmt":"2024-05-21T16:30:38","guid":{"rendered":"https:\/\/muycritico.com.ar\/web\/?p=1892"},"modified":"2026-01-18T19:25:15","modified_gmt":"2026-01-18T22:25:15","slug":"despejaron-mas-de-20-puestos-comerciales-que-ocupaban-el-espacio-publico-en-zona-sur","status":"publish","type":"post","link":"https:\/\/muycritico.com.ar\/web\/?p=1892","title":{"rendered":"DESPEJARON M\u00c1S DE 20 PUESTOS COMERCIALES QUE OCUPABAN EL ESPACIO P\u00daBLICO EN ZONA SUR"},"content":{"rendered":"<p><strong>El operativo se efectu\u00f3 justo en frente al mercado Cofruthos, donde se labraron 5 actas de infracci\u00f3n. Personal municipal actu\u00f3 tras las reiteradas denuncias de los vecinos. Estos puestos interfer\u00edan el paso peatonal.<\/strong><\/p>\n<p><!--more--><\/p>\n<p>Con el objetivo de resguardar distintos sectores y mantener el orden de la ciudad, la Municipalidad a trav\u00e9s de la Subsecretar\u00eda de Espacios P\u00fablicos realiz\u00f3 un operativo de despeje de puestos ambulantes de la v\u00eda p\u00fablica.<\/p>\n<p>Esto se llev\u00f3 a cabo en frente del mercado Cofruthos, precisamente en la Av. Ragone, tras varias denuncias de los vecinos.<\/p>\n<p>Se despejaron m\u00e1s de 20 puestos y se labraron 5 infracciones a quienes no quisieron retirarse del lugar.<\/p>\n<p>A pesar de que tienen un local, sacan productos a la vereda del mismo y de esta manera entorpecen el paso de los vecinos ocupando el espacio p\u00fablico.<\/p>\n<p>Carlos Ovejero, subsecretario del \u00e1rea, asegur\u00f3 que seguir\u00e1n trabajando para resolver cualquier inconveniente que denuncien los vecinos de la ciudad, priorizando la comodidad de los salte\u00f1os.<\/p>\n","protected":false},"excerpt":{"rendered":"<p>El operativo se efectu\u00f3 justo en frente al mercado Cofruthos, donde se labraron 5 actas de infracci\u00f3n. Personal municipal actu\u00f3 tras las reiteradas denuncias de los vecinos. Estos puestos interfer\u00edan el paso peatonal.<\/p>\n","protected":false},"author":2,"featured_media":1893,"comment_status":"open","ping_status":"closed","sticky":false,"template":"","format":"standard","meta":{"footnotes":""},"categories":[6],"tags":[872],"class_list":["post-1892","post","type-post","status-publish","format-standard","has-post-thumbnail","hentry","category-notas","tag-victor-sacca"],"_links":{"self":[{"href":"https:\/\/muycritico.com.ar\/web\/index.php?rest_route=\/wp\/v2\/posts\/1892","targetHints":{"allow":["GET"]}}],"collection":[{"href":"https:\/\/muycritico.com.ar\/web\/index.php?rest_route=\/wp\/v2\/posts"}],"about":[{"href":"https:\/\/muycritico.com.ar\/web\/index.php?rest_route=\/wp\/v2\/types\/post"}],"author":[{"embeddable":true,"href":"https:\/\/muycritico.com.ar\/web\/index.php?rest_route=\/wp\/v2\/users\/2"}],"replies":[{"embeddable":true,"href":"https:\/\/muycritico.com.ar\/web\/index.php?rest_route=%2Fwp%2Fv2%2Fcomments&post=1892"}],"version-history":[{"count":1,"href":"https:\/\/muycritico.com.ar\/web\/index.php?rest_route=\/wp\/v2\/posts\/1892\/revisions"}],"predecessor-version":[{"id":1894,"href":"https:\/\/muycritico.com.ar\/web\/index.php?rest_route=\/wp\/v2\/posts\/1892\/revisions\/1894"}],"wp:featuredmedia":[{"embeddable":true,"href":"https:\/\/muycritico.com.ar\/web\/index.php?rest_route=\/wp\/v2\/media\/1893"}],"wp:attachment":[{"href":"https:\/\/muycritico.com.ar\/web\/index.php?rest_route=%2Fwp%2Fv2%2Fmedia&parent=1892"}],"wp:term":[{"taxonomy":"category","embeddable":true,"href":"https:\/\/muycritico.com.ar\/web\/index.php?rest_route=%2Fwp%2Fv2%2Fcategories&post=1892"},{"taxonomy":"post_tag","embeddable":true,"href":"https:\/\/muycritico.com.ar\/web\/index.php?rest_route=%2Fwp%2Fv2%2Ftags&post=1892"}],"curies":[{"name":"wp","href":"https:\/\/api.w.org\/{rel}","templated":true}]}}