{"id":1740,"date":"2024-05-10T10:31:02","date_gmt":"2024-05-10T13:31:02","guid":{"rendered":"https:\/\/muycritico.com.ar\/web\/?p=1740"},"modified":"2026-01-18T19:25:20","modified_gmt":"2026-01-18T22:25:20","slug":"la-gran-mayoria-de-los-empleados-asistio-a-su-puesto-de-trabajo","status":"publish","type":"post","link":"https:\/\/muycritico.com.ar\/web\/?p=1740","title":{"rendered":"\u201cLA GRAN MAYOR\u00cdA DE LOS EMPLEADOS ASISTI\u00d3 A SU PUESTO DE TRABAJO\u201d"},"content":{"rendered":"<p><strong>Lo dijo el Dr. Gustavo Herrera, presidente de la C\u00e1mara de Comercio en dialogo con ARIES, en el marco del paro general del d\u00eda 9 de mayo. \u201cLa gente quiere trabajar, los que pod\u00edan venir en sus veh\u00edculos, moto, bici, y los dem\u00e1s trataron de agruparse y llamarse telef\u00f3nicamente y se buscaban, ma\u00f1ana y tarde\u201d, agreg\u00f3 Herrera.<\/strong><\/p>\n<p><!--more--><\/p>\n<p>El presidente de la C\u00e1mara de Comercio, Gustavo Herrera, se\u00f1al\u00f3 que si bien \u201cla gran mayor\u00eda de los empleados asisti\u00f3 a su puesto de trabajo\u201d, la falta de colectivos afect\u00f3 la llegada de clientes. Estos conceptos los exterioriz\u00f3 en el marco del paro nacional, donde los comercios de Salta, en gran porcentaje, decidieron no adherir.<\/p>\n<p>\u201cLa gente quiere trabajar, los que pod\u00edan venir en sus veh\u00edculos, moto, bici, y los dem\u00e1s trataron de agruparse y llamarse telef\u00f3nicamente y se buscaban, ma\u00f1ana y tarde. Lo m\u00e1s importante que sucede en un paro es que no anden los colectivos, pero la gente, lo que necesit\u00f3, intent\u00f3 ir a comprarlo, y nosotros como comercio tenemos que estar abiertos y tenemos que afrontar esta situaci\u00f3n\u201d, expres\u00f3.<\/p>\n<p>Herrera consider\u00f3 que el paro fue una \u201cmedida totalmente inoportuna y no tiene ning\u00fan beneficio\u201d.<\/p>\n<p>\u201cAlgunos comercios trabajaron m\u00e1s todav\u00eda porque el que no fue a trabajar y necesitaba comprar algo que necesitaba habitualmente lo hizo, pero afecta fundamentalmente en esta crisis de falta de venta y que nosotros como comerciantes tenemos que pagar el alquiler, la luz, los impuestos y el sueldo\u201d, enfatiz\u00f3.<\/p>\n","protected":false},"excerpt":{"rendered":"<p>Lo dijo el Dr. Gustavo Herrera, presidente de la C\u00e1mara de Comercio en dialogo con ARIES, en el marco del paro general del d\u00eda 9 de mayo. \u201cLa gente quiere trabajar, los que pod\u00edan venir en sus veh\u00edculos, moto, bici, y los dem\u00e1s trataron de agruparse y llamarse telef\u00f3nicamente y se buscaban, ma\u00f1ana y tarde\u201d, [&hellip;]<\/p>\n","protected":false},"author":2,"featured_media":1741,"comment_status":"open","ping_status":"closed","sticky":false,"template":"","format":"standard","meta":{"footnotes":""},"categories":[6],"tags":[115,872],"class_list":["post-1740","post","type-post","status-publish","format-standard","has-post-thumbnail","hentry","category-notas","tag-gustavo-herrera","tag-victor-sacca"],"_links":{"self":[{"href":"https:\/\/muycritico.com.ar\/web\/index.php?rest_route=\/wp\/v2\/posts\/1740","targetHints":{"allow":["GET"]}}],"collection":[{"href":"https:\/\/muycritico.com.ar\/web\/index.php?rest_route=\/wp\/v2\/posts"}],"about":[{"href":"https:\/\/muycritico.com.ar\/web\/index.php?rest_route=\/wp\/v2\/types\/post"}],"author":[{"embeddable":true,"href":"https:\/\/muycritico.com.ar\/web\/index.php?rest_route=\/wp\/v2\/users\/2"}],"replies":[{"embeddable":true,"href":"https:\/\/muycritico.com.ar\/web\/index.php?rest_route=%2Fwp%2Fv2%2Fcomments&post=1740"}],"version-history":[{"count":1,"href":"https:\/\/muycritico.com.ar\/web\/index.php?rest_route=\/wp\/v2\/posts\/1740\/revisions"}],"predecessor-version":[{"id":1742,"href":"https:\/\/muycritico.com.ar\/web\/index.php?rest_route=\/wp\/v2\/posts\/1740\/revisions\/1742"}],"wp:featuredmedia":[{"embeddable":true,"href":"https:\/\/muycritico.com.ar\/web\/index.php?rest_route=\/wp\/v2\/media\/1741"}],"wp:attachment":[{"href":"https:\/\/muycritico.com.ar\/web\/index.php?rest_route=%2Fwp%2Fv2%2Fmedia&parent=1740"}],"wp:term":[{"taxonomy":"category","embeddable":true,"href":"https:\/\/muycritico.com.ar\/web\/index.php?rest_route=%2Fwp%2Fv2%2Fcategories&post=1740"},{"taxonomy":"post_tag","embeddable":true,"href":"https:\/\/muycritico.com.ar\/web\/index.php?rest_route=%2Fwp%2Fv2%2Ftags&post=1740"}],"curies":[{"name":"wp","href":"https:\/\/api.w.org\/{rel}","templated":true}]}}