{"id":16997,"date":"2026-09-05T19:55:51","date_gmt":"2026-09-05T22:55:51","guid":{"rendered":"https:\/\/muycritico.com.ar\/web\/?p=16997"},"modified":"2026-09-05T19:55:51","modified_gmt":"2026-09-05T22:55:51","slug":"saenz-compartio-con-mas-de-70-lideres-politicos-del-norte-grande-el-encuentro-regional-de-potencia-argentina","status":"publish","type":"post","link":"https:\/\/muycritico.com.ar\/web\/?p=16997","title":{"rendered":"S\u00c1ENZ COMPARTI\u00d3 CON M\u00c1S DE 70 L\u00cdDERES POL\u00cdTICOS DEL NORTE GRANDE, EL ENCUENTRO REGIONAL DE POTENCIA ARGENTINA+"},"content":{"rendered":"<p><strong>En este espacio de di\u00e1logo y reflexi\u00f3n, el Gobernador destac\u00f3 la importancia de construir un pa\u00eds con visi\u00f3n federal, con voces plurales y multipartidarias capaces de construir acuerdos, tender puentes, impulsar ideas y proponer soluciones a los principales desaf\u00edos sociales.<\/strong><\/p>\n<p><!--more--><\/p>\n<p>El gobernador Gustavo S\u00e1enz comparti\u00f3 con m\u00e1s de 70 l\u00edderes pol\u00edticos del Norte Grande, el Encuentro Regional de Potencia Argentina+, que por primera vez se realiza en Salta.<\/p>\n<p>Con participantes de Salta, Chaco, Formosa, Misiones, Jujuy, Catamarca, Corrientes, La Rioja, Tucum\u00e1n, entre otras provincias, el mandatario reflexion\u00f3 sobre la importancia de construir un pa\u00eds con visi\u00f3n federal:\u00a0 &#8220;El federalismo real es progreso y se demuestra garantizando las mismas oportunidades a todos los argentinos\u201d, indic\u00f3 y a\u00f1adi\u00f3 que hay que trabajar para garantizar \u201cque un chico que vive en el Impenetrable tenga exactamente las mismas oportunidades que uno que vive en Puerto Madero&#8221;.<\/p>\n<p>Adem\u00e1s, reafirm\u00f3 su postura hist\u00f3rica sobre el di\u00e1logo multipartidario, la gesti\u00f3n participativa y la defensa irrenunciable del federalismo para el desarrollo de Salta y de la regi\u00f3n.<\/p>\n<p>&#8220;Para m\u00ed, la pol\u00edtica debe ser esto: dialogar, construir consensos y avanzar, independientemente del espacio al que pertenezcamos. Es la postura que asumimos en el Norte Grande gobernadores de distintas extracciones pol\u00edticas, porque los problemas regionales nos afectan a todos de la misma manera y solo podemos resolverlos trabajando juntos&#8221;, enfatiz\u00f3 el mandatario. En este marco, puso como ejemplo la conformaci\u00f3n de la Mesa del Litio entre Salta, Catamarca y Jujuy, donde se priorizaron las necesidades de la gente por sobre los intereses partidarios.<\/p>\n<p>Respecto a la pluralidad dentro de su propia gesti\u00f3n, S\u00e1enz subray\u00f3 que las ret\u00f3ricas fundamentalistas no le hacen bien a la democracia: &#8220;En mi gabinete conviven funcionarios de diversos espacios. Escuchar todas las ideas enriquece la gesti\u00f3n. Independientemente de la bandera pol\u00edtica, hay un principio rector que nos une a todos: nuestra gente\u201d.<\/p>\n<p>En otro tramo de su exposici\u00f3n, el Gobernador analiz\u00f3 el potencial productivo del Norte Grande y las asimetr\u00edas hist\u00f3ricas que persisten frente al centro del pa\u00eds. &#8220;Esta regi\u00f3n tiene todo lo que el mundo demanda: alimentos, energ\u00eda, minerales cr\u00edticos y tecnolog\u00eda. Sin embargo, nos faltan obras de infraestructura estrat\u00e9gica, como el Corredor Bioce\u00e1nico, para reducir costos log\u00edsticos y fletes\u201d, argument\u00f3.<\/p>\n<p><img loading=\"lazy\" decoding=\"async\" class=\"aligncenter size-full wp-image-16999\" src=\"https:\/\/muycritico.com.ar\/web\/wp-content\/uploads\/2026\/09\/norte-grande2.jpg\" alt=\"\" width=\"874\" height=\"561\" srcset=\"https:\/\/muycritico.com.ar\/web\/wp-content\/uploads\/2026\/09\/norte-grande2.jpg 874w, https:\/\/muycritico.com.ar\/web\/wp-content\/uploads\/2026\/09\/norte-grande2-768x493.jpg 768w\" sizes=\"auto, (max-width: 874px) 100vw, 874px\" \/><\/p>\n<p>S\u00e1enz tambi\u00e9n se refiri\u00f3 a las inequidades en la distribuci\u00f3n de recursos: &#8220;No podemos permitir que haya argentinos de primera y argentinos de segunda. Cuando se eliminan los subsidios al transporte en el interior pero se mantienen en el AMBA, o cuando pagamos tarifas de gas y energ\u00eda m\u00e1s caras en una provincia como Salta, que le dio gas y petr\u00f3leo al pa\u00eds durante d\u00e9cadas. Por eso impulsamos y pedimos a los legisladores de las diez provincias del Norte Grande que acompa\u00f1en el proyecto de tarifas para zonas c\u00e1lidas y muy c\u00e1lidas&#8221;.<\/p>\n<p>A prop\u00f3sito de este debate hist\u00f3rico, el mandatario adelant\u00f3 la publicaci\u00f3n de su libro Federalismo y Progreso, \u201cporque el verdadero federalismo es oportunidad y progreso para todos. Queremos una Argentina integrada con una mirada global, no un pa\u00eds con ciudadanos llenos de privilegios y otros postergados&#8221;.<\/p>\n<p>S\u00e1enz subray\u00f3 la importancia de mantener la cercan\u00eda con la comunidad y recuperar la confianza social: &#8220;Pido a mis funcionarios, cercan\u00eda, no estar detr\u00e1s de un escritorio y tambi\u00e9n lo digo a nivel nacional porque para tomar decisiones hay que conocer las realidades de las provincias\u201d, indic\u00f3.<\/p>\n<p>Dirigi\u00e9ndose a los participantes, destac\u00f3 la importancia de formarse y participar porque el pa\u00eds \u201cnecesita que m\u00e1s j\u00f3venes se involucren, participen y aporten nuevas ideas. Nuevos liderazgos dispuestos a escuchar, debatir y asumir el desaf\u00edo de transformar la realidad.<\/p>\n<p>Por \u00faltimo, consider\u00f3 que \u201cla Argentina seria y confiable que todos queremos se construye con toda la dirigencia sentada en una misma mesa, acordando pol\u00edticas p\u00fablicas de Estado que perduren en el tiempo\u201d.<\/p>\n<p>Por su parte, el director ejecutivo de Potencia Argentina Santiago Berm\u00fadez resalt\u00f3 que \u201cen Salta nos encontramos con un Gobierno transversal, abierto al di\u00e1logo y con fuerte vocaci\u00f3n de hacer&#8221;.<\/p>\n<p>En este sentido valor\u00f3 las particularidades de la gesti\u00f3n provincial y el clima de trabajo institucional con el que se encontraron en Salta: \u201cHay un Gobierno que resulta llamativo respecto del resto del pa\u00eds. Vemos una gran apertura al di\u00e1logo y una clara vocaci\u00f3n por transformar la realidad del pueblo. Nos encontramos con oficialistas y opositores hablando bien de la gesti\u00f3n, y eso llama la atenci\u00f3n. Observamos un trabajo de convocatoria plural a much\u00edsimos sectores, tanto a nivel provincial como municipal, lo cual representa un aprendizaje para otras provincias de la Argentina&#8221;.<\/p>\n<p>En tanto, al definir la misi\u00f3n de la organizaci\u00f3n, Berm\u00fadez explic\u00f3: &#8220;Potencia Argentina+ es una aceleradora de liderazgos emergentes. Convocamos a l\u00edderes pol\u00edticos de todo el pa\u00eds y de todos los espacios partidarios para trabajar de manera integral en tres ejes: la comunicaci\u00f3n; la introspecci\u00f3n sobre el porqu\u00e9 y para qu\u00e9 hacemos pol\u00edtica; y, finalmente, la incorporaci\u00f3n de herramientas tecnol\u00f3gicas para la gesti\u00f3n, buscando que la funci\u00f3n p\u00fablica sea cada vez m\u00e1s eficiente&#8221;.<\/p>\n<p><img loading=\"lazy\" decoding=\"async\" class=\"aligncenter size-full wp-image-17000\" src=\"https:\/\/muycritico.com.ar\/web\/wp-content\/uploads\/2026\/09\/norte-grande3.jpg\" alt=\"\" width=\"750\" height=\"568\" \/><\/p>\n<p>La secretaria de Gobierno, Oriana N\u00e9vora, quien tambi\u00e9n participa del Encuentro, destac\u00f3 la importancia de \u201cla formaci\u00f3n continua y el di\u00e1logo multipartidario porque son claves para transformar la realidad de Salta y el Norte Grande&#8221;.<\/p>\n<p>Asimismo explic\u00f3 que el Encuentro Regional de Potencia Argentina+ es un \u00e1mbito de capacitaci\u00f3n ejecutiva para responder a las demandas de la ciudadan\u00eda: \u201cEs fundamental que como funcionarios nos capacitemos constantemente para estar a la altura de las necesidades de la gente y del contexto actual.<\/p>\n<p>La funcionaria provincial enfatiz\u00f3 la coincidencia estrat\u00e9gica entre los principios del programa y la conducci\u00f3n del Ejecutivo salte\u00f1o: &#8220;Potencia es una escuela de liderazgo pol\u00edtico multipartidaria que comulga plenamente con la visi\u00f3n del gobernador Gustavo S\u00e1enz, quien ha demostrado de manera constante ser un hombre de di\u00e1logo, de construcci\u00f3n colectiva y de convocatoria plural&#8221;.<\/p>\n<p>Respecto a la representaci\u00f3n regional, detall\u00f3 que la jornada integr\u00f3 a participantes del programa general y de Pulso, un espacio orientado a la aceleraci\u00f3n de futuros candidatos y sus equipos pol\u00edticos. &#8220;Hay actores pol\u00edticos de diversos municipios y provincias con historias de vida valiosas. Este espacio nos permite identificar los desaf\u00edos comunes por los que debemos luchar en conjunto en todo el norte, con la bandera del federalismo que siempre promueve el Gobernador&#8221;, indic\u00f3.<\/p>\n<p>En este Encuentro Regional se reunieron exclusivamente los participantes del Norte Grande y funcionarios provinciales que fueron alumnos egresados del programa, entre ellos el secretario de Modernizaci\u00f3n Mart\u00edn G\u00fcemes, la secretaria de Gobierno Oriana N\u00e9vora; el subsecretario de Participaci\u00f3n Ciudadana, Santiago Alurralde; el secretario de Participaci\u00f3n Ciudadana y Relaciones con la Comunidad, Iv\u00e1n Mizzau; el subsecretario de Tecnolog\u00eda y Conectividad de la Provincia Mat\u00edas Sant, el director de la Agencia de la Juventud, Tane Da Souza y la diputada Patricia Hucena de Or\u00e1n en su car\u00e1cter de egresada en liderazgo p\u00fablico.<\/p>\n","protected":false},"excerpt":{"rendered":"<p>En este espacio de di\u00e1logo y reflexi\u00f3n, el Gobernador destac\u00f3 la importancia de construir un pa\u00eds con visi\u00f3n federal, con voces plurales y multipartidarias capaces de construir acuerdos, tender puentes, impulsar ideas y proponer soluciones a los principales desaf\u00edos sociales.<\/p>\n","protected":false},"author":2,"featured_media":16998,"comment_status":"open","ping_status":"closed","sticky":false,"template":"","format":"standard","meta":{"footnotes":""},"categories":[6],"tags":[],"class_list":["post-16997","post","type-post","status-publish","format-standard","has-post-thumbnail","hentry","category-notas"],"_links":{"self":[{"href":"https:\/\/muycritico.com.ar\/web\/index.php?rest_route=\/wp\/v2\/posts\/16997","targetHints":{"allow":["GET"]}}],"collection":[{"href":"https:\/\/muycritico.com.ar\/web\/index.php?rest_route=\/wp\/v2\/posts"}],"about":[{"href":"https:\/\/muycritico.com.ar\/web\/index.php?rest_route=\/wp\/v2\/types\/post"}],"author":[{"embeddable":true,"href":"https:\/\/muycritico.com.ar\/web\/index.php?rest_route=\/wp\/v2\/users\/2"}],"replies":[{"embeddable":true,"href":"https:\/\/muycritico.com.ar\/web\/index.php?rest_route=%2Fwp%2Fv2%2Fcomments&post=16997"}],"version-history":[{"count":2,"href":"https:\/\/muycritico.com.ar\/web\/index.php?rest_route=\/wp\/v2\/posts\/16997\/revisions"}],"predecessor-version":[{"id":17002,"href":"https:\/\/muycritico.com.ar\/web\/index.php?rest_route=\/wp\/v2\/posts\/16997\/revisions\/17002"}],"wp:featuredmedia":[{"embeddable":true,"href":"https:\/\/muycritico.com.ar\/web\/index.php?rest_route=\/wp\/v2\/media\/16998"}],"wp:attachment":[{"href":"https:\/\/muycritico.com.ar\/web\/index.php?rest_route=%2Fwp%2Fv2%2Fmedia&parent=16997"}],"wp:term":[{"taxonomy":"category","embeddable":true,"href":"https:\/\/muycritico.com.ar\/web\/index.php?rest_route=%2Fwp%2Fv2%2Fcategories&post=16997"},{"taxonomy":"post_tag","embeddable":true,"href":"https:\/\/muycritico.com.ar\/web\/index.php?rest_route=%2Fwp%2Fv2%2Ftags&post=16997"}],"curies":[{"name":"wp","href":"https:\/\/api.w.org\/{rel}","templated":true}]}}