{"id":16995,"date":"2026-09-05T19:51:35","date_gmt":"2026-09-05T22:51:35","guid":{"rendered":"https:\/\/muycritico.com.ar\/web\/?p=16995"},"modified":"2026-09-05T19:57:41","modified_gmt":"2026-09-05T22:57:41","slug":"la-municipalidad-y-asijemin-impulsan-capacitaciones-para-fortalecer-la-formacion-en-mineria","status":"publish","type":"post","link":"https:\/\/muycritico.com.ar\/web\/?p=16995","title":{"rendered":"LA MUNICIPALIDAD Y ASIJEMIN IMPULSAN CAPACITACIONES PARA FORTALECER LA FORMACI\u00d3N EN MINER\u00cdA"},"content":{"rendered":"<p><strong>El intendente, Emiliano Durand, recibi\u00f3 a representantes de la Asociaci\u00f3n Sindical del Personal Jer\u00e1rquico, Profesional y T\u00e9cnico de la Actividad Minera Argentina, con quienes acord\u00f3 desarrollar diferentes actividades vinculadas al sector a partir de la firma de un convenio.<\/strong><\/p>\n<p><!--more--><\/p>\n<p>La Municipalidad de Salta y la Asociaci\u00f3n Sindical del Personal Jer\u00e1rquico, Profesional y T\u00e9cnico de la Actividad Minera Argentina (ASIJEMIN) acordaron avanzar en acciones conjuntas destinadas a fortalecer la formaci\u00f3n y capacitaci\u00f3n de trabajadores y vecinos interesados en incorporarse o desarrollarse profesionalmente en la actividad minera.<\/p>\n<p>El acuerdo firmado entre el intendente, Emiliano Durand y el secretario General de ASIJEMIN, Marcelo Mena Mu\u00f1oz, establece las bases para dise\u00f1ar, coordinar y ejecutar programas, cursos, talleres, diplomados y otras actividades de formaci\u00f3n dirigidas a personal, profesionales, t\u00e9cnicos y actores vinculados directa o indirectamente con la actividad minera.<\/p>\n<p><iframe loading=\"lazy\" title=\"La Municipalidad y ASIJEMIN impulsan capacitaciones para fortalecer la formaci\u00f3n en miner\u00eda\" width=\"696\" height=\"392\" src=\"https:\/\/www.youtube.com\/embed\/MRD_FQtCmTg?feature=oembed\" frameborder=\"0\" allow=\"accelerometer; autoplay; clipboard-write; encrypted-media; gyroscope; picture-in-picture; web-share\" referrerpolicy=\"strict-origin-when-cross-origin\" allowfullscreen><\/iframe><\/p>\n<p>Las propuestas ser\u00e1n articuladas a trav\u00e9s de la Escuela de Emprendedores.<\/p>\n<p>Durante el encuentro, Marcelo Mena Mu\u00f1oz, destac\u00f3 el trabajo realizado para concretar esta articulaci\u00f3n y explic\u00f3 que la iniciativa surge de la necesidad de acompa\u00f1ar el crecimiento de la miner\u00eda con nuevas instancias de formaci\u00f3n.<\/p>\n<p>\u201cLa miner\u00eda viene creciendo, necesita nuevas formaciones y capacitaciones en todos los \u00e1mbitos, no solamente en lo que son operarios o t\u00e9cnicos, sino tambi\u00e9n en el sector que nosotros representamos: supervisores, ge\u00f3logos, ingenieros y encargados\u201d, se\u00f1al\u00f3.<\/p>\n<p>Asimismo, explic\u00f3 que uno de los objetivos ser\u00e1 vincular la capacitaci\u00f3n con las necesidades concretas de las empresas, evitando generar expectativas laborales que no se correspondan con la demanda real del sector.<\/p>\n","protected":false},"excerpt":{"rendered":"<p>El intendente, Emiliano Durand, recibi\u00f3 a representantes de la Asociaci\u00f3n Sindical del Personal Jer\u00e1rquico, Profesional y T\u00e9cnico de la Actividad Minera Argentina, con quienes acord\u00f3 desarrollar diferentes actividades vinculadas al sector a partir de la firma de un convenio.<\/p>\n","protected":false},"author":2,"featured_media":17003,"comment_status":"open","ping_status":"closed","sticky":false,"template":"","format":"standard","meta":{"footnotes":""},"categories":[6],"tags":[],"class_list":["post-16995","post","type-post","status-publish","format-standard","has-post-thumbnail","hentry","category-notas"],"_links":{"self":[{"href":"https:\/\/muycritico.com.ar\/web\/index.php?rest_route=\/wp\/v2\/posts\/16995","targetHints":{"allow":["GET"]}}],"collection":[{"href":"https:\/\/muycritico.com.ar\/web\/index.php?rest_route=\/wp\/v2\/posts"}],"about":[{"href":"https:\/\/muycritico.com.ar\/web\/index.php?rest_route=\/wp\/v2\/types\/post"}],"author":[{"embeddable":true,"href":"https:\/\/muycritico.com.ar\/web\/index.php?rest_route=\/wp\/v2\/users\/2"}],"replies":[{"embeddable":true,"href":"https:\/\/muycritico.com.ar\/web\/index.php?rest_route=%2Fwp%2Fv2%2Fcomments&post=16995"}],"version-history":[{"count":1,"href":"https:\/\/muycritico.com.ar\/web\/index.php?rest_route=\/wp\/v2\/posts\/16995\/revisions"}],"predecessor-version":[{"id":16996,"href":"https:\/\/muycritico.com.ar\/web\/index.php?rest_route=\/wp\/v2\/posts\/16995\/revisions\/16996"}],"wp:featuredmedia":[{"embeddable":true,"href":"https:\/\/muycritico.com.ar\/web\/index.php?rest_route=\/wp\/v2\/media\/17003"}],"wp:attachment":[{"href":"https:\/\/muycritico.com.ar\/web\/index.php?rest_route=%2Fwp%2Fv2%2Fmedia&parent=16995"}],"wp:term":[{"taxonomy":"category","embeddable":true,"href":"https:\/\/muycritico.com.ar\/web\/index.php?rest_route=%2Fwp%2Fv2%2Fcategories&post=16995"},{"taxonomy":"post_tag","embeddable":true,"href":"https:\/\/muycritico.com.ar\/web\/index.php?rest_route=%2Fwp%2Fv2%2Ftags&post=16995"}],"curies":[{"name":"wp","href":"https:\/\/api.w.org\/{rel}","templated":true}]}}