{"id":16988,"date":"2026-09-05T17:48:54","date_gmt":"2026-09-05T20:48:54","guid":{"rendered":"https:\/\/muycritico.com.ar\/web\/?p=16988"},"modified":"2026-09-05T17:48:54","modified_gmt":"2026-09-05T20:48:54","slug":"caso-cintia-orellana-dictan-prision-preventiva-para-gaston-ramires-por-el-femicidio-de-su-pareja","status":"publish","type":"post","link":"https:\/\/muycritico.com.ar\/web\/?p=16988","title":{"rendered":"CASO CINTIA ORELLANA: DICTAN PRISI\u00d3N PREVENTIVA PARA GAST\u00d3N RAM\u00cdRES POR EL FEMICIDIO DE SU PAREJA"},"content":{"rendered":"<p><strong>A solicitud de la Fiscal\u00eda, el imputado continuar\u00e1 detenido, mientras avanzan las medidas investigativas dispuestas para esclarecer lo sucedido. Querella y defensa adhirieron al pedido. Este viernes tambi\u00e9n prest\u00f3 declaraci\u00f3n testimonial en sede fiscal la madre de la v\u00edctima, de 20 a\u00f1os.<\/strong><\/p>\n<p><!--more--><\/p>\n<p>El juez de ese distrito, Mario Dilascio, luego de escuchar los fundamentos expuestos por las partes, hizo lugar a la solicitud del fiscal Rodr\u00edguez L\u00f3pez y dict\u00f3 la prisi\u00f3n preventiva del imputado ante la gravedad del hecho y la existencia de riesgos procesales de fuga y entorpecimiento de la investigaci\u00f3n.<\/p>\n<p>Por su parte el fiscal penal Nicol\u00e1s Rodr\u00edguez L\u00f3pez, interino en la Fiscal\u00eda Penal 1 de Met\u00e1n, represent\u00f3 al Ministerio P\u00fablico Fiscal en la audiencia flexible y multiprop\u00f3sito donde se analiz\u00f3 el pedido de prisi\u00f3n preventiva realizado oportunamente para el imputado se\u00f1alado como el presunto autor del delito de homicidio cuadruplemente agravado por la relaci\u00f3n de pareja, por mediar violencia de g\u00e9nero, por alevos\u00eda y por ensa\u00f1amiento.<\/p>\n<p>Durante la audiencia, la querella adhiri\u00f3 al pedido. Tambi\u00e9n lo hizo la defensa del acusado, que fundament\u00f3 su posici\u00f3n en la necesidad de garantizar la seguridad de su representado.<\/p>\n<p>En cuanto al avance de la investigaci\u00f3n, Rodr\u00edguez L\u00f3pez inform\u00f3 que este jueves 3 de septiembre declar\u00f3 el efectivo policial que atendi\u00f3 al acusado cuando se present\u00f3 espont\u00e1neamente en una dependencia policial el d\u00eda del hecho.<\/p>\n<p>La Fiscal\u00eda contin\u00faa adem\u00e1s con las tareas destinadas a identificar a personas que habr\u00edan estado en las inmediaciones donde se produjo el hecho, por lo que reiter\u00f3 el pedido de colaboraci\u00f3n a quienes puedan aportar informaci\u00f3n.<\/p>\n","protected":false},"excerpt":{"rendered":"<p>A solicitud de la Fiscal\u00eda, el imputado continuar\u00e1 detenido, mientras avanzan las medidas investigativas dispuestas para esclarecer lo sucedido. Querella y defensa adhirieron al pedido. Este viernes tambi\u00e9n prest\u00f3 declaraci\u00f3n testimonial en sede fiscal la madre de la v\u00edctima, de 20 a\u00f1os.<\/p>\n","protected":false},"author":2,"featured_media":16989,"comment_status":"open","ping_status":"closed","sticky":false,"template":"","format":"standard","meta":{"footnotes":""},"categories":[6],"tags":[1532],"class_list":["post-16988","post","type-post","status-publish","format-standard","has-post-thumbnail","hentry","category-notas","tag-cintia-diaz-orellana"],"_links":{"self":[{"href":"https:\/\/muycritico.com.ar\/web\/index.php?rest_route=\/wp\/v2\/posts\/16988","targetHints":{"allow":["GET"]}}],"collection":[{"href":"https:\/\/muycritico.com.ar\/web\/index.php?rest_route=\/wp\/v2\/posts"}],"about":[{"href":"https:\/\/muycritico.com.ar\/web\/index.php?rest_route=\/wp\/v2\/types\/post"}],"author":[{"embeddable":true,"href":"https:\/\/muycritico.com.ar\/web\/index.php?rest_route=\/wp\/v2\/users\/2"}],"replies":[{"embeddable":true,"href":"https:\/\/muycritico.com.ar\/web\/index.php?rest_route=%2Fwp%2Fv2%2Fcomments&post=16988"}],"version-history":[{"count":1,"href":"https:\/\/muycritico.com.ar\/web\/index.php?rest_route=\/wp\/v2\/posts\/16988\/revisions"}],"predecessor-version":[{"id":16990,"href":"https:\/\/muycritico.com.ar\/web\/index.php?rest_route=\/wp\/v2\/posts\/16988\/revisions\/16990"}],"wp:featuredmedia":[{"embeddable":true,"href":"https:\/\/muycritico.com.ar\/web\/index.php?rest_route=\/wp\/v2\/media\/16989"}],"wp:attachment":[{"href":"https:\/\/muycritico.com.ar\/web\/index.php?rest_route=%2Fwp%2Fv2%2Fmedia&parent=16988"}],"wp:term":[{"taxonomy":"category","embeddable":true,"href":"https:\/\/muycritico.com.ar\/web\/index.php?rest_route=%2Fwp%2Fv2%2Fcategories&post=16988"},{"taxonomy":"post_tag","embeddable":true,"href":"https:\/\/muycritico.com.ar\/web\/index.php?rest_route=%2Fwp%2Fv2%2Ftags&post=16988"}],"curies":[{"name":"wp","href":"https:\/\/api.w.org\/{rel}","templated":true}]}}