{"id":16982,"date":"2026-09-05T14:05:43","date_gmt":"2026-09-05T17:05:43","guid":{"rendered":"https:\/\/muycritico.com.ar\/web\/?p=16982"},"modified":"2026-09-05T14:05:43","modified_gmt":"2026-09-05T17:05:43","slug":"rodrigo-quinteros-le-dio-el-golpe-de-nocaut-a-olmedo","status":"publish","type":"post","link":"https:\/\/muycritico.com.ar\/web\/?p=16982","title":{"rendered":"RODRIGO QUINTEROS LE DIO EL GOLPE DE \u201cNOCAUT\u201d A OLMEDO"},"content":{"rendered":"<p><strong>Con acusaciones de toda \u00edndole y una serie de dolorosos ep\u00edtetos, el concejal libertario aniquil\u00f3 al sojero millonario. \u201cVos, Alfredo Olmedo, nunca trabajaste. Sos un ocioso, vago y resentido. Recibiste todo de tu padre, deshonraste a tu familia\u201d, escribi\u00f3 en sus redes, aunque lo peor vendr\u00eda desde una acusaci\u00f3n grav\u00edsima relacionado a una \u201cinfinidad\u201d de \u201cesc\u00e1ndalos de bragueta\u201d y sostuvo que Olmedo habr\u00eda mantenido departamentos prestados en Buenos Aires para prostitutas, adem\u00e1s de preguntarle \u201cpor problema con ni\u00f1os en Anta\u201d.<\/strong><\/p>\n<p><!--more--><\/p>\n<p>En boxeo hay un dicho que dice: \u201cTodos tienen un plan hasta que los noquean\u201d. Evidentemente a Alfredo Olmedo lo tumbaron metaf\u00f3ricamente hablando, ya que nadie podr\u00eda remontar semejante ultraje a la imagen personal de alguien que \u2013para peor\u2013 tiene pretensiones pol\u00edticas. Pero la paliza que Quinteros le viene atizando al sojero de las horripilantes camperas amarillas no se compara a las humillaciones que sufri\u00f3 Olmedo en todos estos a\u00f1os, cuando por ejemplo lo llamaron \u201cfarabute\u201d en un canal de televisi\u00f3n de Buenos Aires.<\/p>\n<p>Esta vez el concejal capitalino y de su misma fuerza pol\u00edtica lo aniquil\u00f3. \u201cHabr\u00edas mantenido prestado departamentos en Buenos Aires porque seg\u00fan vos es mejor que alquilarlos\u201d, asegur\u00f3 y lanz\u00f3: \u201c\u00bfA cambio de qu\u00e9? \u00bfCon qu\u00e9 autoridad se\u00f1al\u00e1s a terceros?\u201d.<\/p>\n<p><strong>\u201c\u00bfCu\u00e1l es el problema que tuviste con ni\u00f1os en Anta que te pone nervioso?\u201d<\/strong><\/p>\n<p><img loading=\"lazy\" decoding=\"async\" class=\"aligncenter size-full wp-image-16977\" src=\"https:\/\/muycritico.com.ar\/web\/wp-content\/uploads\/2026\/09\/QUINTEROS-OLMEDO.jpg\" alt=\"\" width=\"439\" height=\"699\" \/><\/p>\n<p>Como si la cosa no hubiera escalado a niveles estratosf\u00e9ricos por la importante cuant\u00eda de los terribles dichos de Quinteros hacia la persona de Olmedo, todav\u00eda le quedaban m\u00e1s balas en la recamara.<\/p>\n<p>La pregunta por los ni\u00f1os de Anta podr\u00eda incluso motivar a que alg\u00fan fiscal desvelado con alg\u00fan grado de curiosidad podr\u00eda transformar esta confrontaci\u00f3n en una noticia criminis.<\/p>\n<p>No vaya a ser cosa que a Olmedo se le termine la carrera pol\u00edtica por una acusaci\u00f3n de semejante talante y termine en tribunales en vez del sill\u00f3n del Gran Bourg, cosa que el sojero a\u00f1ora desde \u00a0hace a\u00f1os y que evidentemente no alcanza con la chequera del papi para cumplir un sue\u00f1o que cada vez parece m\u00e1s lejano.<\/p>\n","protected":false},"excerpt":{"rendered":"<p>Con acusaciones de toda \u00edndole y una serie de dolorosos ep\u00edtetos, el concejal libertario aniquil\u00f3 al sojero millonario. \u201cVos, Alfredo Olmedo, nunca trabajaste. Sos un ocioso, vago y resentido. Recibiste todo de tu padre, deshonraste a tu familia\u201d, escribi\u00f3 en sus redes, aunque lo peor vendr\u00eda desde una acusaci\u00f3n grav\u00edsima relacionado a una \u201cinfinidad\u201d de [&hellip;]<\/p>\n","protected":false},"author":2,"featured_media":16976,"comment_status":"open","ping_status":"closed","sticky":false,"template":"","format":"standard","meta":{"footnotes":""},"categories":[6],"tags":[218,1191],"class_list":["post-16982","post","type-post","status-publish","format-standard","has-post-thumbnail","hentry","category-notas","tag-alfredo-olmedo","tag-rodrigo-quinteros"],"_links":{"self":[{"href":"https:\/\/muycritico.com.ar\/web\/index.php?rest_route=\/wp\/v2\/posts\/16982","targetHints":{"allow":["GET"]}}],"collection":[{"href":"https:\/\/muycritico.com.ar\/web\/index.php?rest_route=\/wp\/v2\/posts"}],"about":[{"href":"https:\/\/muycritico.com.ar\/web\/index.php?rest_route=\/wp\/v2\/types\/post"}],"author":[{"embeddable":true,"href":"https:\/\/muycritico.com.ar\/web\/index.php?rest_route=\/wp\/v2\/users\/2"}],"replies":[{"embeddable":true,"href":"https:\/\/muycritico.com.ar\/web\/index.php?rest_route=%2Fwp%2Fv2%2Fcomments&post=16982"}],"version-history":[{"count":1,"href":"https:\/\/muycritico.com.ar\/web\/index.php?rest_route=\/wp\/v2\/posts\/16982\/revisions"}],"predecessor-version":[{"id":16983,"href":"https:\/\/muycritico.com.ar\/web\/index.php?rest_route=\/wp\/v2\/posts\/16982\/revisions\/16983"}],"wp:featuredmedia":[{"embeddable":true,"href":"https:\/\/muycritico.com.ar\/web\/index.php?rest_route=\/wp\/v2\/media\/16976"}],"wp:attachment":[{"href":"https:\/\/muycritico.com.ar\/web\/index.php?rest_route=%2Fwp%2Fv2%2Fmedia&parent=16982"}],"wp:term":[{"taxonomy":"category","embeddable":true,"href":"https:\/\/muycritico.com.ar\/web\/index.php?rest_route=%2Fwp%2Fv2%2Fcategories&post=16982"},{"taxonomy":"post_tag","embeddable":true,"href":"https:\/\/muycritico.com.ar\/web\/index.php?rest_route=%2Fwp%2Fv2%2Ftags&post=16982"}],"curies":[{"name":"wp","href":"https:\/\/api.w.org\/{rel}","templated":true}]}}