{"id":16971,"date":"2026-09-05T09:53:17","date_gmt":"2026-09-05T12:53:17","guid":{"rendered":"https:\/\/muycritico.com.ar\/web\/?p=16971"},"modified":"2026-09-05T11:04:03","modified_gmt":"2026-09-05T14:04:03","slug":"no-te-comerias-un-pebete-el-exabrupto-de-un-conductor-ante-el-drama-de-un-acoso-en-un-colegio","status":"publish","type":"post","link":"https:\/\/muycritico.com.ar\/web\/?p=16971","title":{"rendered":"\u201c\u00bfNO TE COMER\u00cdAS UN PEBETE?\u201d: EL EXABRUPTO DE UN CONDUCTOR ANTE EL DRAMA DE UN ACOSO EN UN COLEGIO"},"content":{"rendered":"<p><strong>Ocurri\u00f3 en Rosario de la Frontera cuando se conoci\u00f3 una grave denuncia que involucra a un docente que habr\u00eda acosado a un alumno menor de edad de la EET N\u00b0 3132. El lamentable e inexplicable comentario termin\u00f3 derrapando hacia referencias sexuales y burlonas por parte del sujeto que conduc\u00eda, mientras su partener parec\u00eda no quedarse afuera de la \u201chumorada\u201d<\/strong><\/p>\n<p><!--more--><\/p>\n<p>Lamentablemente parece haber sujetos que se han quedado en el tiempo y para peor de males siguen sin dimensionar la responsabilidad que significa estar detr\u00e1s de un micr\u00f3fono. Seg\u00fan trascendi\u00f3, un estudiante habr\u00eda acusado a un docente, quien habr\u00eda tenido expresiones inapropiadas y \u201cse le habr\u00eda insinuado\u201d. Su padre fue a la escuela a pedir explicaciones y, de acuerdo con testimonios, termin\u00f3 golpeando al profesor.<\/p>\n<p>Obviamente se trata de una situaci\u00f3n que terminar\u00e1 en sede judicial y que acarrear\u00e1 un conflicto a todos los involucrados. Tanto al estudiante, a su familia, al colegio y obvio el denunciado. Pero evidentemente al aspirante a comediante que se la juega de \u201cstandapero\u201d en ese medio period\u00edstico parece no importarle nada del drama ajeno y no se le ocurri\u00f3 mejor idea que querer ponerle una cuota de humor a semejante drama.<\/p>\n<blockquote class=\"instagram-media\" style=\"background: #FFF; border: 0; border-radius: 3px; box-shadow: 0 0 1px 0 rgba(0,0,0,0.5),0 1px 10px 0 rgba(0,0,0,0.15); margin: 1px; max-width: 540px; min-width: 326px; padding: 0; width: calc(100% - 2px);\" data-instgrm-captioned=\"\" data-instgrm-permalink=\"https:\/\/www.instagram.com\/reel\/Dc6DxDJx5O4\/?utm_source=ig_embed&amp;utm_campaign=loading\" data-instgrm-version=\"14\">\n<div style=\"padding: 16px;\">\n<p>&nbsp;<\/p>\n<div style=\"display: flex; flex-direction: row; align-items: center;\">\n<div style=\"background-color: #f4f4f4; border-radius: 50%; flex-grow: 0; height: 40px; margin-right: 14px; width: 40px;\"><\/div>\n<div style=\"display: flex; flex-direction: column; flex-grow: 1; justify-content: center;\">\n<div style=\"background-color: #f4f4f4; border-radius: 4px; flex-grow: 0; height: 14px; margin-bottom: 6px; width: 100px;\"><\/div>\n<div style=\"background-color: #f4f4f4; border-radius: 4px; flex-grow: 0; height: 14px; width: 60px;\"><\/div>\n<\/div>\n<\/div>\n<div style=\"padding: 19% 0;\"><\/div>\n<div style=\"display: block; height: 50px; margin: 0 auto 12px; width: 50px;\"><\/div>\n<div style=\"padding-top: 8px;\">\n<div style=\"color: #3897f0; font-family: Arial,sans-serif; font-size: 14px; font-style: normal; font-weight: 550; line-height: 18px;\">Ver esta publicaci\u00f3n en Instagram<\/div>\n<\/div>\n<div style=\"padding: 12.5% 0;\"><\/div>\n<div style=\"display: flex; flex-direction: row; margin-bottom: 14px; align-items: center;\">\n<div>\n<div style=\"background-color: #f4f4f4; border-radius: 50%; height: 12.5px; width: 12.5px; transform: translateX(0px) translateY(7px);\"><\/div>\n<div style=\"background-color: #f4f4f4; height: 12.5px; transform: rotate(-45deg) translateX(3px) translateY(1px); width: 12.5px; flex-grow: 0; margin-right: 14px; margin-left: 2px;\"><\/div>\n<div style=\"background-color: #f4f4f4; border-radius: 50%; height: 12.5px; width: 12.5px; transform: translateX(9px) translateY(-18px);\"><\/div>\n<\/div>\n<div style=\"margin-left: 8px;\">\n<div style=\"background-color: #f4f4f4; border-radius: 50%; flex-grow: 0; height: 20px; width: 20px;\"><\/div>\n<div style=\"width: 0; height: 0; border-top: 2px solid transparent; border-left: 6px solid #f4f4f4; border-bottom: 2px solid transparent; transform: translateX(16px) translateY(-4px) rotate(30deg);\"><\/div>\n<\/div>\n<div style=\"margin-left: auto;\">\n<div style=\"width: 0px; border-top: 8px solid #F4F4F4; border-right: 8px solid transparent; transform: translateY(16px);\"><\/div>\n<div style=\"background-color: #f4f4f4; flex-grow: 0; height: 12px; width: 16px; transform: translateY(-4px);\"><\/div>\n<div style=\"width: 0; height: 0; border-top: 8px solid #F4F4F4; border-left: 8px solid transparent; transform: translateY(-4px) translateX(8px);\"><\/div>\n<\/div>\n<\/div>\n<div style=\"display: flex; flex-direction: column; flex-grow: 1; justify-content: center; margin-bottom: 24px;\">\n<div style=\"background-color: #f4f4f4; border-radius: 4px; flex-grow: 0; height: 14px; margin-bottom: 6px; width: 224px;\"><\/div>\n<div style=\"background-color: #f4f4f4; border-radius: 4px; flex-grow: 0; height: 14px; width: 144px;\"><\/div>\n<\/div>\n<p>&nbsp;<\/p>\n<p style=\"color: #c9c8cd; font-family: Arial,sans-serif; font-size: 14px; line-height: 17px; margin-bottom: 0; margin-top: 8px; overflow: hidden; padding: 8px 0 7px; text-align: center; text-overflow: ellipsis; white-space: nowrap;\"><a style=\"color: #c9c8cd; font-family: Arial,sans-serif; font-size: 14px; font-style: normal; font-weight: normal; line-height: 17px; text-decoration: none;\" href=\"https:\/\/www.instagram.com\/reel\/Dc6DxDJx5O4\/?utm_source=ig_embed&amp;utm_campaign=loading\" target=\"_blank\" rel=\"noopener\">Una publicaci\u00f3n compartida por Muy Critico (@muycriticodigital)<\/a><\/p>\n<\/div>\n<\/blockquote>\n<p><script async src=\"\/\/www.instagram.com\/embed.js\"><\/script><\/p>\n<p>Seg\u00fan trascendi\u00f3 en las redes, el comunicador y empresario de nombre <strong>Pablo Hansen<\/strong>, propietario de Canal 2, decidi\u00f3 abordar el tema con humor. Plante\u00f3 una situaci\u00f3n hipot\u00e9tica en la que un profesor condicionaba la aprobaci\u00f3n de una materia a un encuentro sexual con un alumno, utiliz\u00f3 la expresi\u00f3n \u201c\u00f1aca \u00f1aca\u201d y lanz\u00f3 el indignante remate.<\/p>\n<p>Lo que sigui\u00f3 fue un dec\u00e1logo de imbecilidades dif\u00edciles de digerir, donde los comentarios iban de comerse el pebete con manteca a preferir sandwiches de miga, sin sentir la m\u00e1s m\u00ednima verg\u00fcenza ajena ante tal papel\u00f3n en lo que estos dos payasos intentaban querer ensayar un pase de comedia.<\/p>\n<p>Obvio que la noticia no tiene un marco judicial hasta ahora ni contiene m\u00e1s informaci\u00f3n que las aberraciones que dijo este par de pseudo comunicadores frente a c\u00e1mara, adem\u00e1s de mostrar el paup\u00e9rrimo nivel de quienes bastardean la profesi\u00f3n d\u00eda a d\u00eda.<\/p>\n<p><strong>Desde Florencia Pe\u00f1a nada parece haber cambiado<\/strong><\/p>\n<p>Durante el mundial de futbol en EE. UU. la actriz casada con un abogado salte\u00f1o y conocida por sus comedias y videos pornogr\u00e1ficos en Internet, adem\u00e1s de ser se\u00f1alada como una de las que entr\u00f3 a Olivos durante la pandemia a visitar a Alberto Fern\u00e1ndez, protagoniz\u00f3 un esc\u00e1ndalo de magnitudes b\u00edblicas cuando \u201cmat\u00f3\u201d al padre de Messi.<\/p>\n<p>Despu\u00e9s de aquella fake news dada con jocosa calma y despu\u00e9s justificar que se \u201chab\u00eda comido la curva\u201d, Pe\u00f1a recurri\u00f3 a lagrima en modo perd\u00f3n y aqu\u00ed no pas\u00f3 nada. Pero resulta que este tipo de conductas desde que cualquiera es \u201cperiodista\u201d, se siguen repitiendo, sea en un streamig propiedad de alg\u00fan millonario aburrido que quiere tener uno porque est\u00e1 de moda ser \u201cempresario de medio\u201d; o bien en un canal de televisi\u00f3n del interior, el bochorno sigue siendo el mismo.<\/p>\n<p>Al parecer la Comunicaci\u00f3n est\u00e1 lejos de una regulaci\u00f3n tanto como la estupidez y la irresponsabilidad de poner a cualquiera a decir cualquier cosa y las consecuencias est\u00e1n a la vista.<\/p>\n<p>Tras el papel\u00f3n de Florencia Pe\u00f1a tendr\u00eda que haber surgido al menos el \u00e1nimo de controlar estas repudiables pr\u00e1cticas comunicativas pero parece ser que lo de Pe\u00f1a tuvo un efecto contrario.<\/p>\n<p>A cuenta de esto cabe recordar a lo que Jorge Lanata calific\u00f3 como \u201cla berretizacion de la televisi\u00f3n\u201d. Algo que molest\u00f3 a m\u00e1s de uno pero que sin dudas fue un aut\u00e9ntico presagio de lo que vendr\u00eda.<\/p>\n","protected":false},"excerpt":{"rendered":"<p>Ocurri\u00f3 en Rosario de la Frontera cuando se conoci\u00f3 una grave denuncia que involucra a un docente que habr\u00eda acosado a un alumno menor de edad de la EET N\u00b0 3132. El lamentable e inexplicable comentario termin\u00f3 derrapando hacia referencias sexuales y burlonas por parte del sujeto que conduc\u00eda, mientras su partener parec\u00eda no quedarse [&hellip;]<\/p>\n","protected":false},"author":2,"featured_media":16973,"comment_status":"open","ping_status":"closed","sticky":false,"template":"","format":"standard","meta":{"footnotes":""},"categories":[3],"tags":[1541],"class_list":["post-16971","post","type-post","status-publish","format-standard","has-post-thumbnail","hentry","category-editorial","tag-pablo-hansen"],"_links":{"self":[{"href":"https:\/\/muycritico.com.ar\/web\/index.php?rest_route=\/wp\/v2\/posts\/16971","targetHints":{"allow":["GET"]}}],"collection":[{"href":"https:\/\/muycritico.com.ar\/web\/index.php?rest_route=\/wp\/v2\/posts"}],"about":[{"href":"https:\/\/muycritico.com.ar\/web\/index.php?rest_route=\/wp\/v2\/types\/post"}],"author":[{"embeddable":true,"href":"https:\/\/muycritico.com.ar\/web\/index.php?rest_route=\/wp\/v2\/users\/2"}],"replies":[{"embeddable":true,"href":"https:\/\/muycritico.com.ar\/web\/index.php?rest_route=%2Fwp%2Fv2%2Fcomments&post=16971"}],"version-history":[{"count":2,"href":"https:\/\/muycritico.com.ar\/web\/index.php?rest_route=\/wp\/v2\/posts\/16971\/revisions"}],"predecessor-version":[{"id":16974,"href":"https:\/\/muycritico.com.ar\/web\/index.php?rest_route=\/wp\/v2\/posts\/16971\/revisions\/16974"}],"wp:featuredmedia":[{"embeddable":true,"href":"https:\/\/muycritico.com.ar\/web\/index.php?rest_route=\/wp\/v2\/media\/16973"}],"wp:attachment":[{"href":"https:\/\/muycritico.com.ar\/web\/index.php?rest_route=%2Fwp%2Fv2%2Fmedia&parent=16971"}],"wp:term":[{"taxonomy":"category","embeddable":true,"href":"https:\/\/muycritico.com.ar\/web\/index.php?rest_route=%2Fwp%2Fv2%2Fcategories&post=16971"},{"taxonomy":"post_tag","embeddable":true,"href":"https:\/\/muycritico.com.ar\/web\/index.php?rest_route=%2Fwp%2Fv2%2Ftags&post=16971"}],"curies":[{"name":"wp","href":"https:\/\/api.w.org\/{rel}","templated":true}]}}