{"id":16967,"date":"2026-09-04T13:44:45","date_gmt":"2026-09-04T16:44:45","guid":{"rendered":"https:\/\/muycritico.com.ar\/web\/?p=16967"},"modified":"2026-09-04T13:44:45","modified_gmt":"2026-09-04T16:44:45","slug":"vialidad-nacional-trabaja-en-el-mantenimiento-de-las-rutas-9-y-68","status":"publish","type":"post","link":"https:\/\/muycritico.com.ar\/web\/?p=16967","title":{"rendered":"VIALIDAD NACIONAL TRABAJA EN EL MANTENIMIENTO DE LAS RUTAS 9 Y 68"},"content":{"rendered":"<p><strong>La Direcci\u00f3n Nacional de Vialidad informa que se realizan tareas en diferentes rutas nacionales en Salta con el objetivo de acondicionarlas ante la llegada del fen\u00f3meno clim\u00e1tico de \u201cEl Ni\u00f1o\u201d.<\/strong><\/p>\n<p><!--more--><\/p>\n<p>Las tareas de mantenimiento y acondicionamiento se realizan por ejemplo en la RN 9, donde el personal vial trabaja en la limpieza de banquinas, el desmalezado y bacheo en un sector que abarca la zona de Cornisa entre La Caldera y Alto la Sierra.<\/p>\n<p>Asimismo, en la RN 68, en el arroyo Santa B\u00e1rbara, se realiz\u00f3 la limpieza del cauce y se lo prepar\u00f3 para que, ante una posible crecida por las lluvias, el material que arrastre corra por los badenes de manera m\u00e1s fluida y as\u00ed poder recuperar la transitabilidad en el menor tiempo posible.<\/p>\n<p><img loading=\"lazy\" decoding=\"async\" class=\"aligncenter size-full wp-image-16969\" src=\"https:\/\/muycritico.com.ar\/web\/wp-content\/uploads\/2026\/09\/R9-68.jpg\" alt=\"\" width=\"1188\" height=\"963\" srcset=\"https:\/\/muycritico.com.ar\/web\/wp-content\/uploads\/2026\/09\/R9-68.jpg 1188w, https:\/\/muycritico.com.ar\/web\/wp-content\/uploads\/2026\/09\/R9-68-768x623.jpg 768w\" sizes=\"auto, (max-width: 1188px) 100vw, 1188px\" \/><\/p>\n<p>Estas tareas no solo se concentran en la calzada, sino que en su gran mayor\u00eda se trabaja sobre la zona de camino que el usuario no siempre puede apreciar. Se trata de las alcantarillas, los cauces de los r\u00edos y arroyos y los badenes, que con la llegada de las lluvias cumplen un rol fundamental al permitir que las aguas escurran sin afectar la cinta de rodamiento.<\/p>\n<p>Los trabajos antes mencionados se suman a otros que ya se vienen realizando en la RN 40 en la Quebrada de Las Flechas o el que se realiza en la 51 con la construcci\u00f3n de defensas en el cauce del R\u00edo Toro a la altura de Ingeniero Maury.<\/p>\n<p>Los trabajos continuar\u00e1n durante los pr\u00f3ximos d\u00edas por lo que se solicita a los usuarios circular con precauci\u00f3n y atender las se\u00f1ales de los banderilleros.<\/p>\n","protected":false},"excerpt":{"rendered":"<p>La Direcci\u00f3n Nacional de Vialidad informa que se realizan tareas en diferentes rutas nacionales en Salta con el objetivo de acondicionarlas ante la llegada del fen\u00f3meno clim\u00e1tico de \u201cEl Ni\u00f1o\u201d.<\/p>\n","protected":false},"author":2,"featured_media":16968,"comment_status":"open","ping_status":"closed","sticky":false,"template":"","format":"standard","meta":{"footnotes":""},"categories":[6],"tags":[],"class_list":["post-16967","post","type-post","status-publish","format-standard","has-post-thumbnail","hentry","category-notas"],"_links":{"self":[{"href":"https:\/\/muycritico.com.ar\/web\/index.php?rest_route=\/wp\/v2\/posts\/16967","targetHints":{"allow":["GET"]}}],"collection":[{"href":"https:\/\/muycritico.com.ar\/web\/index.php?rest_route=\/wp\/v2\/posts"}],"about":[{"href":"https:\/\/muycritico.com.ar\/web\/index.php?rest_route=\/wp\/v2\/types\/post"}],"author":[{"embeddable":true,"href":"https:\/\/muycritico.com.ar\/web\/index.php?rest_route=\/wp\/v2\/users\/2"}],"replies":[{"embeddable":true,"href":"https:\/\/muycritico.com.ar\/web\/index.php?rest_route=%2Fwp%2Fv2%2Fcomments&post=16967"}],"version-history":[{"count":1,"href":"https:\/\/muycritico.com.ar\/web\/index.php?rest_route=\/wp\/v2\/posts\/16967\/revisions"}],"predecessor-version":[{"id":16970,"href":"https:\/\/muycritico.com.ar\/web\/index.php?rest_route=\/wp\/v2\/posts\/16967\/revisions\/16970"}],"wp:featuredmedia":[{"embeddable":true,"href":"https:\/\/muycritico.com.ar\/web\/index.php?rest_route=\/wp\/v2\/media\/16968"}],"wp:attachment":[{"href":"https:\/\/muycritico.com.ar\/web\/index.php?rest_route=%2Fwp%2Fv2%2Fmedia&parent=16967"}],"wp:term":[{"taxonomy":"category","embeddable":true,"href":"https:\/\/muycritico.com.ar\/web\/index.php?rest_route=%2Fwp%2Fv2%2Fcategories&post=16967"},{"taxonomy":"post_tag","embeddable":true,"href":"https:\/\/muycritico.com.ar\/web\/index.php?rest_route=%2Fwp%2Fv2%2Ftags&post=16967"}],"curies":[{"name":"wp","href":"https:\/\/api.w.org\/{rel}","templated":true}]}}