{"id":16960,"date":"2026-09-04T10:01:48","date_gmt":"2026-09-04T13:01:48","guid":{"rendered":"https:\/\/muycritico.com.ar\/web\/?p=16960"},"modified":"2026-09-04T10:01:48","modified_gmt":"2026-09-04T13:01:48","slug":"arde-la-interna-libertaria-a-olmedo-le-reprochan-desconocer-totalmente-lo-que-pasa-en-salta-y-en-su-propio-espacio","status":"publish","type":"post","link":"https:\/\/muycritico.com.ar\/web\/?p=16960","title":{"rendered":"ARDE LA INTERNA LIBERTARIA: A OLMEDO LE REPROCHAN DESCONOCER TOTALMENTE LO QUE PASA EN SALTA Y EN SU PROPIO ESPACIO"},"content":{"rendered":"<p><strong>\u201cOlmedo no sabe lo que pasa en la provincia, ni en su espacio\u201d, dijo el concejal Rodrigo Quinteros, abiertamente enfrentado a Olmedo y a Orozco. El edil capitalino anunci\u00f3 que daba por terminada cualquier relaci\u00f3n con el olmedismo y acus\u00f3 al millonario sojero de subestimar a los salte\u00f1os y de ponerse por encima del presidente Javier Milei. \u00a0<\/strong><\/p>\n<p><!--more--><\/p>\n<p>Mientras Milei sigue liderando las encuestas con una oposici\u00f3n desintegrada y su principal l\u00edder presa por corrupta en San Jos\u00e9 1111, los libertarios locales ya se est\u00e1n matando por el manejo del sello en Salta. El principal embanderado detr\u00e1s del descontento que existe sobre la persona del sojero que corre carreras en EE. UU., mientras en Salta esa fuerza pol\u00edtica parece marchar sin una conducci\u00f3n clara, es Quinteros, quien fue claro al manifestar que no se siente parte del olmedismo y que las actitudes de ciertos dirigentes hacia el mandatario nacional simplemente no las comparte.<\/p>\n<p>El concejal marc\u00f3 un l\u00edmite infranqueable cuando not\u00f3 que Olmedo se atribuye los cinco triunfos electorales como un m\u00e9rito personal y no como un logro del presidente o del sello partidario. Para Quinteros, esa actitud subestima al electorado salte\u00f1o y a cada persona que acompa\u00f1\u00f3 la idea de la libertad que representa Milei a nivel nacional. El dirigente se pregunt\u00f3 con iron\u00eda qu\u00e9 soluciones puede aportar un hombre que, seg\u00fan sus palabras, no vive en la provincia hace a\u00f1os y desconoce por completo lo que sucede en su propio espacio.<\/p>\n<blockquote class=\"instagram-media\" style=\"background: #FFF; border: 0; border-radius: 3px; box-shadow: 0 0 1px 0 rgba(0,0,0,0.5),0 1px 10px 0 rgba(0,0,0,0.15); margin: 1px; max-width: 540px; min-width: 326px; padding: 0; width: calc(100% - 2px);\" data-instgrm-captioned=\"\" data-instgrm-permalink=\"https:\/\/www.instagram.com\/reel\/DcmEyqMRPUA\/?utm_source=ig_embed&amp;utm_campaign=loading\" data-instgrm-version=\"14\">\n<div style=\"padding: 16px;\">\n<p>&nbsp;<\/p>\n<div style=\"display: flex; flex-direction: row; align-items: center;\">\n<div style=\"background-color: #f4f4f4; border-radius: 50%; flex-grow: 0; height: 40px; margin-right: 14px; width: 40px;\"><\/div>\n<div style=\"display: flex; flex-direction: column; flex-grow: 1; justify-content: center;\">\n<div style=\"background-color: #f4f4f4; border-radius: 4px; flex-grow: 0; height: 14px; margin-bottom: 6px; width: 100px;\"><\/div>\n<div style=\"background-color: #f4f4f4; border-radius: 4px; flex-grow: 0; height: 14px; width: 60px;\"><\/div>\n<\/div>\n<\/div>\n<div style=\"padding: 19% 0;\"><\/div>\n<div style=\"display: block; height: 50px; margin: 0 auto 12px; width: 50px;\"><\/div>\n<div style=\"padding-top: 8px;\">\n<div style=\"color: #3897f0; font-family: Arial,sans-serif; font-size: 14px; font-style: normal; font-weight: 550; line-height: 18px;\">Ver esta publicaci\u00f3n en Instagram<\/div>\n<\/div>\n<div style=\"padding: 12.5% 0;\"><\/div>\n<div style=\"display: flex; flex-direction: row; margin-bottom: 14px; align-items: center;\">\n<div>\n<div style=\"background-color: #f4f4f4; border-radius: 50%; height: 12.5px; width: 12.5px; transform: translateX(0px) translateY(7px);\"><\/div>\n<div style=\"background-color: #f4f4f4; height: 12.5px; transform: rotate(-45deg) translateX(3px) translateY(1px); width: 12.5px; flex-grow: 0; margin-right: 14px; margin-left: 2px;\"><\/div>\n<div style=\"background-color: #f4f4f4; border-radius: 50%; height: 12.5px; width: 12.5px; transform: translateX(9px) translateY(-18px);\"><\/div>\n<\/div>\n<div style=\"margin-left: 8px;\">\n<div style=\"background-color: #f4f4f4; border-radius: 50%; flex-grow: 0; height: 20px; width: 20px;\"><\/div>\n<div style=\"width: 0; height: 0; border-top: 2px solid transparent; border-left: 6px solid #f4f4f4; border-bottom: 2px solid transparent; transform: translateX(16px) translateY(-4px) rotate(30deg);\"><\/div>\n<\/div>\n<div style=\"margin-left: auto;\">\n<div style=\"width: 0px; border-top: 8px solid #F4F4F4; border-right: 8px solid transparent; transform: translateY(16px);\"><\/div>\n<div style=\"background-color: #f4f4f4; flex-grow: 0; height: 12px; width: 16px; transform: translateY(-4px);\"><\/div>\n<div style=\"width: 0; height: 0; border-top: 8px solid #F4F4F4; border-left: 8px solid transparent; transform: translateY(-4px) translateX(8px);\"><\/div>\n<\/div>\n<\/div>\n<div style=\"display: flex; flex-direction: column; flex-grow: 1; justify-content: center; margin-bottom: 24px;\">\n<div style=\"background-color: #f4f4f4; border-radius: 4px; flex-grow: 0; height: 14px; margin-bottom: 6px; width: 224px;\"><\/div>\n<div style=\"background-color: #f4f4f4; border-radius: 4px; flex-grow: 0; height: 14px; width: 144px;\"><\/div>\n<\/div>\n<p>&nbsp;<\/p>\n<p style=\"color: #c9c8cd; font-family: Arial,sans-serif; font-size: 14px; line-height: 17px; margin-bottom: 0; margin-top: 8px; overflow: hidden; padding: 8px 0 7px; text-align: center; text-overflow: ellipsis; white-space: nowrap;\"><a style=\"color: #c9c8cd; font-family: Arial,sans-serif; font-size: 14px; font-style: normal; font-weight: normal; line-height: 17px; text-decoration: none;\" href=\"https:\/\/www.instagram.com\/reel\/DcmEyqMRPUA\/?utm_source=ig_embed&amp;utm_campaign=loading\" target=\"_blank\" rel=\"noopener\">Una publicaci\u00f3n compartida por Rodrigo Quinteros (@rpquinteros)<\/a><\/p>\n<\/div>\n<\/blockquote>\n<p><script async src=\"\/\/www.instagram.com\/embed.js\"><\/script><\/p>\n<p>Olmedo es el elegido de Karina Milei para representar a LLA en Salta, pero resulta que ni siquiera tiene domicilio fijado en la provincia. Esto es lo que le achaca Quinteros, sin mencionar que adem\u00e1s de sus olivares en La Rioja, se dedica que pasear con su Ferrari por Bs. As. y a correr carreras en EE. UU. en las que solo participan millonarios aburridos y ex pilotos de ese pa\u00eds. Por ello es que Quinteros pega donde m\u00e1s duele y ese es sin dudas el costado m\u00e1s cuestionable de un hombre que hace a\u00f1os quiere ser gobernador pero que sigue siendo blanco de cr\u00edticas permanentemente.<\/p>\n<p>Adem\u00e1s Quinteros sostuvo que Olmedo no puede ser candidato a gobernador porque no tiene domicilio en Salta y desconoce la realidad provincial desde hace m\u00e1s de siete a\u00f1os. La pregunta que surge es c\u00f3mo alguien que vive a cientos de kil\u00f3metros puede pretender ordenar una estructura que se desmorona por la falta de presencia y de conocimiento del territorio, se plantea el portal EL INTRA en un editorial.<\/p>\n<p>El tema de fondo es que los libertarios pretenden quedarse con el manejo del poder desde el Grand Bourg pero lo cierto es que ni siquiera se pueden poner de acuerdo entre ellos, con estas peleas que parecen no tener fin y prometen nuevos cap\u00edtulos.<\/p>\n","protected":false},"excerpt":{"rendered":"<p>\u201cOlmedo no sabe lo que pasa en la provincia, ni en su espacio\u201d, dijo el concejal Rodrigo Quinteros, abiertamente enfrentado a Olmedo y a Orozco. El edil capitalino anunci\u00f3 que daba por terminada cualquier relaci\u00f3n con el olmedismo y acus\u00f3 al millonario sojero de subestimar a los salte\u00f1os y de ponerse por encima del presidente [&hellip;]<\/p>\n","protected":false},"author":2,"featured_media":16961,"comment_status":"open","ping_status":"closed","sticky":false,"template":"","format":"standard","meta":{"footnotes":""},"categories":[6],"tags":[218,1191],"class_list":["post-16960","post","type-post","status-publish","format-standard","has-post-thumbnail","hentry","category-notas","tag-alfredo-olmedo","tag-rodrigo-quinteros"],"_links":{"self":[{"href":"https:\/\/muycritico.com.ar\/web\/index.php?rest_route=\/wp\/v2\/posts\/16960","targetHints":{"allow":["GET"]}}],"collection":[{"href":"https:\/\/muycritico.com.ar\/web\/index.php?rest_route=\/wp\/v2\/posts"}],"about":[{"href":"https:\/\/muycritico.com.ar\/web\/index.php?rest_route=\/wp\/v2\/types\/post"}],"author":[{"embeddable":true,"href":"https:\/\/muycritico.com.ar\/web\/index.php?rest_route=\/wp\/v2\/users\/2"}],"replies":[{"embeddable":true,"href":"https:\/\/muycritico.com.ar\/web\/index.php?rest_route=%2Fwp%2Fv2%2Fcomments&post=16960"}],"version-history":[{"count":1,"href":"https:\/\/muycritico.com.ar\/web\/index.php?rest_route=\/wp\/v2\/posts\/16960\/revisions"}],"predecessor-version":[{"id":16962,"href":"https:\/\/muycritico.com.ar\/web\/index.php?rest_route=\/wp\/v2\/posts\/16960\/revisions\/16962"}],"wp:featuredmedia":[{"embeddable":true,"href":"https:\/\/muycritico.com.ar\/web\/index.php?rest_route=\/wp\/v2\/media\/16961"}],"wp:attachment":[{"href":"https:\/\/muycritico.com.ar\/web\/index.php?rest_route=%2Fwp%2Fv2%2Fmedia&parent=16960"}],"wp:term":[{"taxonomy":"category","embeddable":true,"href":"https:\/\/muycritico.com.ar\/web\/index.php?rest_route=%2Fwp%2Fv2%2Fcategories&post=16960"},{"taxonomy":"post_tag","embeddable":true,"href":"https:\/\/muycritico.com.ar\/web\/index.php?rest_route=%2Fwp%2Fv2%2Ftags&post=16960"}],"curies":[{"name":"wp","href":"https:\/\/api.w.org\/{rel}","templated":true}]}}