{"id":16957,"date":"2026-09-04T09:27:37","date_gmt":"2026-09-04T12:27:37","guid":{"rendered":"https:\/\/muycritico.com.ar\/web\/?p=16957"},"modified":"2026-09-04T09:27:37","modified_gmt":"2026-09-04T12:27:37","slug":"milei-en-cadena-nacional-creacion-de-una-base-naval-en-tierra-del-fuego-y-amenazas-de-sanciones-por-la-explotacion-petrolera-en-malvinas","status":"publish","type":"post","link":"https:\/\/muycritico.com.ar\/web\/?p=16957","title":{"rendered":"MILEI EN CADENA NACIONAL: CREACI\u00d3N DE UNA BASE NAVAL EN TIERRA DEL FUEGO Y AMENAZAS DE SANCIONES POR LA EXPLOTACI\u00d3N PETROLERA EN MALVINAS"},"content":{"rendered":"<p><strong>Las decisiones fueron anunciadas en un mensaje en cadena nacional en el que el Presidente estuvo acompa\u00f1ado por su gabinete. Adem\u00e1s destac\u00f3 el respaldo de Trump y pidi\u00f3 el acompa\u00f1amiento de la oposici\u00f3n pol\u00edtica.<\/strong><\/p>\n<p><!--more--><\/p>\n<p>La gran expectativa estuvo centrada en Malvinas tras una nueva arremetida de Trump contra el Reino Unido. \u201cNo nos ayudaron con el estrecho de Ormuz, nosotros no vamos a ayudarlos a ustedes\u201d, desafi\u00f3 el presidente norteamericano. Hasta eso Milei se preparaba para salir a hacer anuncios rimbombantes.<\/p>\n<p>&#8220;Proteger el Atl\u00e1ntico Sur es una cuesti\u00f3n de seguridad nacional&#8221;, enfatiz\u00f3 Javier Milei en su mensaje por cadena nacional en el que anunci\u00f3 una bater\u00eda de medidas para endurecer las sanciones contra las petroleras que operen unilateralmente en las aguas circundantes de las Islas Malvinas y acelerar la construcci\u00f3n de la proyectada base integrada naval en Tierra del Fuego. Frente al fervor social que despert\u00f3 lo sucedido durante el \u00faltimo Mundial, con el despliegue por parte de los jugadores de la Selecci\u00f3n de una bandera en reclamo de la soberan\u00eda argentina en las Islas, y los dichos de Donald Trump sobre un eventual apoyo a la hist\u00f3rica demanda argentina, el libertario dio un giro el tratamiento del tema por parte de su administraci\u00f3n y convoc\u00f3 a todas las fuerzas pol\u00edticas a sumarse &#8220;en una misma voz a este reclamo&#8221;.<\/p>\n<p>Seg\u00fan consigna CLARIN, el mandatario hab\u00eda arribado a la Casa Rosada a las 16 de este jueves tras su breve visita a Chile. Rodeado de su gabinete en el Sal\u00f3n Blanco, comenz\u00f3 a grabar el mensaje pasadas las 18. Finalmente el mensaje editado dur\u00f3 unos 14 minutos. Desde temprano las usinas libertarias en las redes sociales machacaban sobre la importancia de la comunicaci\u00f3n presidencial: no dej\u00f3 lugar a dudas el intento del oficialismo por aprovechar el sentimiento nacionalista que despierta el tema en la poblaci\u00f3n.<\/p>\n<p>Por la noche, a Milei se lo vio con un tono firme: &#8220;las Malvinas son argentinas por historia y por derecho, no hay discusi\u00f3n al respecto&#8221; y asegur\u00f3 que &#8220;los isle\u00f1os al ser una poblaci\u00f3n implantada no tienen derecho a la autodeterminaci\u00f3n&#8221;.<\/p>\n<p>El mandatario esta vez apunt\u00f3 al proyecto petrolero que viene siendo cuestionado por los ex combatientes desde hace semanas. &#8220;Hoy nuestra soberan\u00eda enfrenta un peligro concreto y urgente. El proyecto Sea Lion avanza hacia la explotaci\u00f3n de petr\u00f3leo en las Islas Malvinas sin autorizaci\u00f3n de la Rep\u00fablica Argentina&#8221;, remarc\u00f3 y destac\u00f3 que &#8220;si no actuamos, en pocos meses tendr\u00e1n la capacidad material de apropiarse de las reservas de petr\u00f3leo que yacen bajo nuestro mar&#8221;.<\/p>\n<p>En este contexto, detall\u00f3 las medidas que dispondr\u00e1 para hacer frente a la vulneraci\u00f3n de los intereses argentinos: un decreto reglamentario para acelerar los tr\u00e1mites de los organismos del Estado para que informen a Canciller\u00eda sobre incumplimientos legales en las Islas y que \u00e9sta pueda impulsar sanciones a empresas y proveedores. Tambi\u00e9n dictar\u00e1 un DNU para aumentar los recursos al ministerio de Defensa para avanzar en la construcci\u00f3n de la anunciada base naval integrada en Tierra del Fuego -hab\u00eda sido impulsada en 2022 por el ex ministro Jorge Taiana- que, al decir del libertario, ser\u00e1 el &#8220;polo log\u00edstico m\u00e1s importante del Atl\u00e1ntico Sur&#8221;.<\/p>\n<p>Tambi\u00e9n el Gobierno enviar\u00e1 un proyecto de ley de Defensa de Soberan\u00eda Nacional. Al respecto, Milei adelant\u00f3 que la iniciativa tendr\u00e1 tres objetivos: en primer lugar, modificar\u00e1 la Ley 26.659 para endurecer las sanciones y penas contra las compa\u00f1\u00edas vinculadas a operaciones no autorizadas. Y tambi\u00e9n promover\u00e1 la creaci\u00f3n de un Consejo de Seguridad Nacional &#8220;que definir\u00e1 una pol\u00edtica de Seguridad nacional de aplicaci\u00f3n obligatoria y transversal a todo el Estado&#8221; y que establecer\u00e1 &#8220;un marco para la protecci\u00f3n de la infraestructura cr\u00edtica y la protecci\u00f3n aeroespacial y mar\u00edtima de la Naci\u00f3n&#8221;.<\/p>\n<p>Finalmente, sostuvo Milei, se le pedir\u00e1 al Congreso &#8220;que le otorgue al Consejo facultades para que el Estado pueda responder con herramientas econ\u00f3micas y diplom\u00e1ticas frente a actores estatales que amenacen la seguridad nacional&#8221;.<\/p>\n<p>La declaraci\u00f3n presidencial, donde el mandatario se mostr\u00f3 rodeado de sus ministros, hab\u00eda sido urdida el lunes durante la reuni\u00f3n de gabinete que hab\u00eda encabezado por propio jefe de Estado y horas despu\u00e9s del pronunciamiento de Trump -en el que hab\u00eda deslizado que podr\u00eda revisar la posici\u00f3n de los Estados Unidos frente al conflicto- como un intento para cambiar la agenda en medio de la ca\u00edda en la imagen presidencial por las penurias econ\u00f3micas de gran parte de la ciudadan\u00eda.<\/p>\n<p>En una rueda de prensa concedida este jueves en la Casa Blanca, Trump pareci\u00f3 ahora jugar a la ambig\u00fcedad sobre el tema. Al ser consultado por la prensa en el Sal\u00f3n Oval, el republicano pareci\u00f3 evadir la pregunta o no estar demasiado al tanto sobre el tema. \u201c\u00bfEst\u00e1 diciendo que quieren reclamar las Malvinas?\u201d, le pregunt\u00f3 a una periodista brit\u00e1nica, en referencia a Argentina. \u201cS\u00ed\u201d, le respondi\u00f3 la cronista. Entonces Trump respondi\u00f3 con una referencia a la guerra de 1982. \u201cEstuve all\u00ed cuando ocurri\u00f3 la primera guerra. Eso fue hace mucho tiempo y segu\u00ed el conflicto muy de cerca; ustedes se comportaron muy bien. Las recuperaron con bastante firmeza, pero eso qued\u00f3 muy lejos. Es un viaje muy largo, un largo camino\u201d, aleg\u00f3.<\/p>\n<p>El comunicado de Presidencia sobre la visita de Milei al mandatario chileno Jos\u00e9 Kast, destac\u00f3 que pa\u00eds trasandino apoya el reclamo de soberan\u00eda sobre Malvinas y que la Casa Rosada &#8220;valorar\u00e1&#8221; los &#8220;esfuerzos&#8221; de Chile para &#8220;evitar consolidaci\u00f3n de actividades log\u00edsticas ilegales unilaterales en las zonas disputadas&#8221;. Sin embargo, se conoci\u00f3 que una naviera del vecino pa\u00eds avanza con la apertura de una ruta mar\u00edtima comercial que unir\u00e1 Punta Arenas y el puerto de las Islas.<\/p>\n<p>&#8220;Va a estar picante&#8221;, se sonri\u00f3 en las \u00faltimas horas una calificada fuente del Ejecutivo consultada al describir la cita programada en Londres, similar a la Semana Argentina en Nueva York de marzo pasado, que el libertario encabezar\u00eda entre el 19 y 20 de octubre pr\u00f3ximo. En principio, el evento no fue reprogramado por el cambio de agenda de Presidencia sobre el denominado conflicto del Atl\u00e1ntico Sur.<\/p>\n","protected":false},"excerpt":{"rendered":"<p>Las decisiones fueron anunciadas en un mensaje en cadena nacional en el que el Presidente estuvo acompa\u00f1ado por su gabinete. Adem\u00e1s destac\u00f3 el respaldo de Trump y pidi\u00f3 el acompa\u00f1amiento de la oposici\u00f3n pol\u00edtica.<\/p>\n","protected":false},"author":2,"featured_media":16958,"comment_status":"open","ping_status":"closed","sticky":false,"template":"","format":"standard","meta":{"footnotes":""},"categories":[6],"tags":[],"class_list":["post-16957","post","type-post","status-publish","format-standard","has-post-thumbnail","hentry","category-notas"],"_links":{"self":[{"href":"https:\/\/muycritico.com.ar\/web\/index.php?rest_route=\/wp\/v2\/posts\/16957","targetHints":{"allow":["GET"]}}],"collection":[{"href":"https:\/\/muycritico.com.ar\/web\/index.php?rest_route=\/wp\/v2\/posts"}],"about":[{"href":"https:\/\/muycritico.com.ar\/web\/index.php?rest_route=\/wp\/v2\/types\/post"}],"author":[{"embeddable":true,"href":"https:\/\/muycritico.com.ar\/web\/index.php?rest_route=\/wp\/v2\/users\/2"}],"replies":[{"embeddable":true,"href":"https:\/\/muycritico.com.ar\/web\/index.php?rest_route=%2Fwp%2Fv2%2Fcomments&post=16957"}],"version-history":[{"count":1,"href":"https:\/\/muycritico.com.ar\/web\/index.php?rest_route=\/wp\/v2\/posts\/16957\/revisions"}],"predecessor-version":[{"id":16959,"href":"https:\/\/muycritico.com.ar\/web\/index.php?rest_route=\/wp\/v2\/posts\/16957\/revisions\/16959"}],"wp:featuredmedia":[{"embeddable":true,"href":"https:\/\/muycritico.com.ar\/web\/index.php?rest_route=\/wp\/v2\/media\/16958"}],"wp:attachment":[{"href":"https:\/\/muycritico.com.ar\/web\/index.php?rest_route=%2Fwp%2Fv2%2Fmedia&parent=16957"}],"wp:term":[{"taxonomy":"category","embeddable":true,"href":"https:\/\/muycritico.com.ar\/web\/index.php?rest_route=%2Fwp%2Fv2%2Fcategories&post=16957"},{"taxonomy":"post_tag","embeddable":true,"href":"https:\/\/muycritico.com.ar\/web\/index.php?rest_route=%2Fwp%2Fv2%2Ftags&post=16957"}],"curies":[{"name":"wp","href":"https:\/\/api.w.org\/{rel}","templated":true}]}}