{"id":16954,"date":"2026-09-03T19:14:03","date_gmt":"2026-09-03T22:14:03","guid":{"rendered":"https:\/\/muycritico.com.ar\/web\/?p=16954"},"modified":"2026-09-03T19:14:03","modified_gmt":"2026-09-03T22:14:03","slug":"el-gobernador-recibio-a-desarrolladores-inmobiliarios-y-destaco-el-aporte-del-sector-al-crecimiento-de-salta","status":"publish","type":"post","link":"https:\/\/muycritico.com.ar\/web\/?p=16954","title":{"rendered":"EL GOBERNADOR RECIBI\u00d3 A DESARROLLADORES INMOBILIARIOS Y DESTAC\u00d3 EL APORTE DEL SECTOR AL CRECIMIENTO DE SALTA"},"content":{"rendered":"<p><strong>S\u00e1enz se reuni\u00f3 con directivos de CADISAL para analizar proyectos inmobiliarios, infraestructura y planificaci\u00f3n urbana en el \u00e1rea metropolitana. En este marco se acord\u00f3 avanzar en una mesa de trabajo conjunto para generar condiciones que contribuyan al desarrollo de nuevas inversiones y al crecimiento econ\u00f3mico y urbano de Salta.<\/strong><\/p>\n<p><!--more--><\/p>\n<p>El gobernador Gustavo S\u00e1enz se reuni\u00f3 en Casa de Gobierno con representantes de la C\u00e1mara de Desarrolladores Inmobiliarios de Salta (CADISAL), junto a autoridades provinciales y municipales.<\/p>\n<p>Durante el encuentro se analizaron aspectos vinculados a la actividad inmobiliaria y al crecimiento urbano de la provincia, con atenci\u00f3n en el \u00e1rea metropolitana y en las condiciones necesarias para avanzar en nuevos proyectos. Tambi\u00e9n se intercambiaron propuestas sobre infraestructura, servicios y planificaci\u00f3n territorial, y se destac\u00f3 la importancia de fortalecer la articulaci\u00f3n entre el sector p\u00fablico y privado.<\/p>\n<p>En este marco, el Gobierno ratific\u00f3 su respaldo a CADISAL por su aporte a la construcci\u00f3n, al desarrollo inmobiliario y la actividad econ\u00f3mica, a trav\u00e9s de una cadena de valor que involucra a profesionales, trabajadores, proveedores, comercios, empresas de servicios y PyMEs salte\u00f1as. Asimismo, se acord\u00f3 avanzar en una mesa de trabajo conjunto para generar condiciones que contribuyan al desarrollo de nuevas inversiones y al crecimiento econ\u00f3mico y urbano de Salta.<\/p>\n<p>En la oportunidad S\u00e1enz manifest\u00f3 su predisposici\u00f3n para acompa\u00f1ar a la instituci\u00f3n y a quienes impulsen iniciativas que representen oportunidades de inversi\u00f3n, generaci\u00f3n de empleo y acceso a la vivienda. \u201cEste es el camino que debemos seguir si queremos ser testigos del crecimiento de Salta. Que las iniciativas encuentren al sector p\u00fablico y privado colaborando y trabajando de manera conjunta nos potencia y permite generar m\u00e1s oportunidades. Salta est\u00e1 para crecer y desarrollarse, siempre en las mejores condiciones para los salte\u00f1os\u201d, afirm\u00f3.<\/p>\n<p>El mandatario remarc\u00f3 que el acompa\u00f1amiento del Estado debe darse dentro de las normas vigentes, con reglas claras, previsibilidad y seguridad jur\u00eddica. Finalmente plante\u00f3 la necesidad de continuar fortaleciendo la infraestructura y la planificaci\u00f3n urbana para acompa\u00f1ar la expansi\u00f3n de la provincia y favorecer que las inversiones se traduzcan en mayor actividad econ\u00f3mica y empleo.<\/p>\n<p><iframe loading=\"lazy\" title=\"S\u00e1enz recibi\u00f3 a desarrolladores inmobiliarios y destac\u00f3 el aporte del sector al crecimiento de Salta\" width=\"696\" height=\"392\" src=\"https:\/\/www.youtube.com\/embed\/7ZAL8_Y9bII?feature=oembed\" frameborder=\"0\" allow=\"accelerometer; autoplay; clipboard-write; encrypted-media; gyroscope; picture-in-picture; web-share\" referrerpolicy=\"strict-origin-when-cross-origin\" allowfullscreen><\/iframe><\/p>\n<p><strong>Articulaci\u00f3n p\u00fablico- privada<\/strong><\/p>\n<p>El intendente de San Lorenzo, Manuel Saravia, calific\u00f3 a la reuni\u00f3n de positiva y necesaria, en la que se transmiti\u00f3 el compromiso del Gobierno de trabajar junto al sector privado para generar seguridad jur\u00eddica y normas consensuadas que permitan sostener y atraer inversiones y, con ellas, empleo y crecimiento en Salta. \u201cEl Gobernador ratific\u00f3 el respaldo a este sector, que permanentemente est\u00e1 acompa\u00f1ando el crecimiento de Salta y que genera muchos beneficios y empleo a partir de estas inversiones\u201d.<\/p>\n<p>Saravia se refiri\u00f3 adem\u00e1s a la importancia de la conformaci\u00f3n de una mesa de trabajo entre el sector p\u00fablico y privado para generar nuevos recursos que permitan continuar con esta din\u00e1mica de inversi\u00f3n en la provincia. \u201cEl sector p\u00fablico y el sector privado deben trabajar en equipo. Eso es, en definitiva, lo que genera el \u00e9xito en estos tiempos\u201d, a\u00f1adi\u00f3.<\/p>\n<p>El presidente de CADISAL, Sixto Torino, destac\u00f3 que la articulaci\u00f3n p\u00fablico-privada es clave para destrabar los obst\u00e1culos que enfrenta el sector inmobiliario y garantizar la continuidad de los desarrollos en Salta. \u201cEstamos a disposici\u00f3n para trabajar constituyendo mesas de trabajo y colaborando en esta asociaci\u00f3n p\u00fablico-privada, porque, en definitiva, el desarrollo de la provincia solo se puede lograr con di\u00e1logo y colaboraci\u00f3n\u201d.<\/p>\n<p>Daniel Barzola, vocal titular de la C\u00e1mara de Desarrolladores Inmobiliarios de Salta (CADISAL), valor\u00f3 el compromiso del Gobierno provincial para avanzar en una mesa de trabajo que permita agilizar tr\u00e1mites y preparar emprendimientos para acceder a futuros cr\u00e9ditos hipotecarios. \u201cEs muy importante que contemos con la colaboraci\u00f3n del Gobierno, en todo lo que tiene que ver con la instrumentaci\u00f3n de permisos y tr\u00e1mites\u201d, expres\u00f3 y remarc\u00f3 la importancia de la articulaci\u00f3n p\u00fablico-privada para resolver problemas del sector y favorecer el desarrollo de Salta.<\/p>\n<p>Por la Provincia tambi\u00e9n participaron de la reuni\u00f3n el jefe de Gabinete de Ministros, Sergio Camacho; el presidente del Ente Regulador de los Servicios P\u00fablicos, Carlos Saravia; y los intendentes de la ciudad de Salta, Emiliano Durand, y de Cerrillos, Enrique Borelli.<\/p>\n<p>En tanto, por CADISAL estuvieron el vicepresidente, Stanley Strachan; la secretaria, Soledad Torelli; el tesorero, Jos\u00e9 Ruiz; los vocales titulares, Luz Llaya y Gast\u00f3n Moreno; y las vocales suplentes Magdalena Day y Agustina Soler.<\/p>\n","protected":false},"excerpt":{"rendered":"<p>S\u00e1enz se reuni\u00f3 con directivos de CADISAL para analizar proyectos inmobiliarios, infraestructura y planificaci\u00f3n urbana en el \u00e1rea metropolitana. En este marco se acord\u00f3 avanzar en una mesa de trabajo conjunto para generar condiciones que contribuyan al desarrollo de nuevas inversiones y al crecimiento econ\u00f3mico y urbano de Salta.<\/p>\n","protected":false},"author":2,"featured_media":16955,"comment_status":"open","ping_status":"closed","sticky":false,"template":"","format":"standard","meta":{"footnotes":""},"categories":[6],"tags":[],"class_list":["post-16954","post","type-post","status-publish","format-standard","has-post-thumbnail","hentry","category-notas"],"_links":{"self":[{"href":"https:\/\/muycritico.com.ar\/web\/index.php?rest_route=\/wp\/v2\/posts\/16954","targetHints":{"allow":["GET"]}}],"collection":[{"href":"https:\/\/muycritico.com.ar\/web\/index.php?rest_route=\/wp\/v2\/posts"}],"about":[{"href":"https:\/\/muycritico.com.ar\/web\/index.php?rest_route=\/wp\/v2\/types\/post"}],"author":[{"embeddable":true,"href":"https:\/\/muycritico.com.ar\/web\/index.php?rest_route=\/wp\/v2\/users\/2"}],"replies":[{"embeddable":true,"href":"https:\/\/muycritico.com.ar\/web\/index.php?rest_route=%2Fwp%2Fv2%2Fcomments&post=16954"}],"version-history":[{"count":1,"href":"https:\/\/muycritico.com.ar\/web\/index.php?rest_route=\/wp\/v2\/posts\/16954\/revisions"}],"predecessor-version":[{"id":16956,"href":"https:\/\/muycritico.com.ar\/web\/index.php?rest_route=\/wp\/v2\/posts\/16954\/revisions\/16956"}],"wp:featuredmedia":[{"embeddable":true,"href":"https:\/\/muycritico.com.ar\/web\/index.php?rest_route=\/wp\/v2\/media\/16955"}],"wp:attachment":[{"href":"https:\/\/muycritico.com.ar\/web\/index.php?rest_route=%2Fwp%2Fv2%2Fmedia&parent=16954"}],"wp:term":[{"taxonomy":"category","embeddable":true,"href":"https:\/\/muycritico.com.ar\/web\/index.php?rest_route=%2Fwp%2Fv2%2Fcategories&post=16954"},{"taxonomy":"post_tag","embeddable":true,"href":"https:\/\/muycritico.com.ar\/web\/index.php?rest_route=%2Fwp%2Fv2%2Ftags&post=16954"}],"curies":[{"name":"wp","href":"https:\/\/api.w.org\/{rel}","templated":true}]}}