{"id":16943,"date":"2026-09-03T18:45:42","date_gmt":"2026-09-03T21:45:42","guid":{"rendered":"https:\/\/muycritico.com.ar\/web\/?p=16943"},"modified":"2026-09-03T18:45:42","modified_gmt":"2026-09-03T21:45:42","slug":"salta-sera-sede-del-iv-congreso-nacional-de-derecho-penal-adolescente-y-juvenil","status":"publish","type":"post","link":"https:\/\/muycritico.com.ar\/web\/?p=16943","title":{"rendered":"SALTA SER\u00c1 SEDE DEL IV CONGRESO NACIONAL DE DERECHO PENAL ADOLESCENTE Y JUVENIL"},"content":{"rendered":"<p><strong>El encuentro reunir\u00e1 a magistrados, funcionarios, especialistas y operadores del sistema de justicia de distintas jurisdicciones del pa\u00eds, y constituir\u00e1 un \u00e1mbito federal de reflexi\u00f3n, an\u00e1lisis y actualizaci\u00f3n jur\u00eddica en materia penal adolescente y juvenil. La actividad contar\u00e1 con el acompa\u00f1amiento institucional de la Legislatura de la Provincia, en el marco de una agenda orientada al fortalecimiento del sistema de justicia y al intercambio de experiencias sobre los desaf\u00edos que plantea el nuevo R\u00e9gimen Penal Juvenil.<\/strong><\/p>\n<p><!--more--><\/p>\n<p>La actividad, que se realizar\u00e1 los d\u00edas 1 y 2 de octubre en el Centro de Convenciones de Salta, es organizada por la Junta Federal de Cortes y Superiores Tribunales de Justicia de las Provincias Argentinas (JuFeJus), el Foro Penal Juvenil y la Escuela de la Magistratura del Poder Judicial de Salta.<\/p>\n<p>En ese marco, el vicegobernador y presidente del Senado, Antonio Marocco , y el presidente de la C\u00e1mara de Diputados, Esteban Amat Lacroix , recibieron en el Sal\u00f3n de los Presidentes de la C\u00e1mara Baja a representantes del Poder Judicial de la Provincia para abordar los detalles del Congreso y ratificar el acompa\u00f1amiento del Poder Legislativo a esta iniciativa acad\u00e9mica e institucional de alcance federal. Participaron del encuentro el juez de la Corte de Justicia y director Acad\u00e9mico de la Escuela de la Magistratura del Poder Judicial, Dr. Fabi\u00e1n Vittar ; la vicepresidenta segunda de la Corte de Justicia, Dra. Adriana Rodr\u00edguez Faraldo ; y la secretaria General de la Escuela de la Magistratura, Dra. Angelina Coll . Tambi\u00e9n estuvieron presentes el diputado provincial Juan Pablo Cuellar y el secretario Legislativo de la C\u00e1mara de Diputados, Dr. Ra\u00fal Medina.<\/p>\n<p><img loading=\"lazy\" decoding=\"async\" class=\"aligncenter size-full wp-image-16945\" src=\"https:\/\/muycritico.com.ar\/web\/wp-content\/uploads\/2026\/09\/REGIMEN-MENORES.jpg\" alt=\"\" width=\"1107\" height=\"496\" srcset=\"https:\/\/muycritico.com.ar\/web\/wp-content\/uploads\/2026\/09\/REGIMEN-MENORES.jpg 1107w, https:\/\/muycritico.com.ar\/web\/wp-content\/uploads\/2026\/09\/REGIMEN-MENORES-768x344.jpg 768w\" sizes=\"auto, (max-width: 1107px) 100vw, 1107px\" \/><\/p>\n<p>Durante la reuni\u00f3n, los representantes del Poder Judicial destacaron el alcance federal de la propuesta, que contar\u00e1 con la participaci\u00f3n de referentes de trayectoria nacional e internacional, magistrados, funcionarios y operadores especializados. La agenda contempla paneles y conferencias destinados a abordar los principales desaf\u00edos de la especialidad y el rol de los Poderes Judiciales ante la implementaci\u00f3n del nuevo R\u00e9gimen Penal Juvenil.<\/p>\n<p>Entre los principales ejes se encuentran el Sistema de Protecci\u00f3n Integral de Derechos de Ni\u00f1os, Ni\u00f1as y Adolescentes desde una mirada cr\u00edtica; los modelos especializados de intervenci\u00f3n; la Justicia Restaurativa y la Justicia Terap\u00e9utica; las problem\u00e1ticas vinculadas con la Salud Mental y las Adicciones; los entornos digitales y el impacto de la tecnolog\u00eda; y las situaciones de violencia en el \u00e1mbito escolar.<\/p>\n<p>Asimismo, se analizar\u00e1n las medidas socioeducativas y la Ejecuci\u00f3n Penal Especializada; programas orientados a la prevenci\u00f3n y la reparaci\u00f3n a las v\u00edctimas; el Proceso Penal adolescente y juvenil especializado en el marco de los Sistemas Acusatorios; y el funcionamiento de Oficinas Judiciales Especializadas, entre otros aspectos vinculados con el abordaje integral de la Justicia Penal Juvenil.<\/p>\n<p>Como parte de la agenda del Congreso, se desarrollar\u00e1 adem\u00e1s una reuni\u00f3n de equipos interdisciplinarios de distintas provincias y un panel dedicado a la pr\u00e1ctica territorial. La participaci\u00f3n de equipos de diferentes jurisdicciones permitir\u00e1 fortalecer el intercambio federal de experiencias y promover una mirada integral sobre las intervenciones judiciales en materia penal adolescente y juvenil.<\/p>\n<p>En ese sentido, Marocco y Amat destacaron la importancia de Salta como sede federal de un encuentro de estas caracter\u00edsticas y remarcaron el compromiso de la Legislatura provincial con las iniciativas que contribuyen a la formaci\u00f3n, la actualizaci\u00f3n jur\u00eddica y el fortalecimiento institucional y del sistema de justicia. Asimismo, subrayaron la importancia de la articulaci\u00f3n entre los distintos organismos, fundamentalmente, entre los Poderes del Estado, para abordar de manera integral los desaf\u00edos vinculados con la justicia penal adolescente y juvenil, una tem\u00e1tica de especial trascendencia social.<\/p>\n<p>Cabe destacar que el IV Congreso Nacional de Derecho Penal Adolescente y Juvenil fue declarado de inter\u00e9s legislativo por las C\u00e1maras de Diputados y de Senadores de la Provincia.<\/p>\n","protected":false},"excerpt":{"rendered":"<p>El encuentro reunir\u00e1 a magistrados, funcionarios, especialistas y operadores del sistema de justicia de distintas jurisdicciones del pa\u00eds, y constituir\u00e1 un \u00e1mbito federal de reflexi\u00f3n, an\u00e1lisis y actualizaci\u00f3n jur\u00eddica en materia penal adolescente y juvenil. La actividad contar\u00e1 con el acompa\u00f1amiento institucional de la Legislatura de la Provincia, en el marco de una agenda orientada [&hellip;]<\/p>\n","protected":false},"author":2,"featured_media":16944,"comment_status":"open","ping_status":"closed","sticky":false,"template":"","format":"standard","meta":{"footnotes":""},"categories":[6],"tags":[],"class_list":["post-16943","post","type-post","status-publish","format-standard","has-post-thumbnail","hentry","category-notas"],"_links":{"self":[{"href":"https:\/\/muycritico.com.ar\/web\/index.php?rest_route=\/wp\/v2\/posts\/16943","targetHints":{"allow":["GET"]}}],"collection":[{"href":"https:\/\/muycritico.com.ar\/web\/index.php?rest_route=\/wp\/v2\/posts"}],"about":[{"href":"https:\/\/muycritico.com.ar\/web\/index.php?rest_route=\/wp\/v2\/types\/post"}],"author":[{"embeddable":true,"href":"https:\/\/muycritico.com.ar\/web\/index.php?rest_route=\/wp\/v2\/users\/2"}],"replies":[{"embeddable":true,"href":"https:\/\/muycritico.com.ar\/web\/index.php?rest_route=%2Fwp%2Fv2%2Fcomments&post=16943"}],"version-history":[{"count":1,"href":"https:\/\/muycritico.com.ar\/web\/index.php?rest_route=\/wp\/v2\/posts\/16943\/revisions"}],"predecessor-version":[{"id":16946,"href":"https:\/\/muycritico.com.ar\/web\/index.php?rest_route=\/wp\/v2\/posts\/16943\/revisions\/16946"}],"wp:featuredmedia":[{"embeddable":true,"href":"https:\/\/muycritico.com.ar\/web\/index.php?rest_route=\/wp\/v2\/media\/16944"}],"wp:attachment":[{"href":"https:\/\/muycritico.com.ar\/web\/index.php?rest_route=%2Fwp%2Fv2%2Fmedia&parent=16943"}],"wp:term":[{"taxonomy":"category","embeddable":true,"href":"https:\/\/muycritico.com.ar\/web\/index.php?rest_route=%2Fwp%2Fv2%2Fcategories&post=16943"},{"taxonomy":"post_tag","embeddable":true,"href":"https:\/\/muycritico.com.ar\/web\/index.php?rest_route=%2Fwp%2Fv2%2Ftags&post=16943"}],"curies":[{"name":"wp","href":"https:\/\/api.w.org\/{rel}","templated":true}]}}