{"id":16937,"date":"2026-09-03T18:13:44","date_gmt":"2026-09-03T21:13:44","guid":{"rendered":"https:\/\/muycritico.com.ar\/web\/?p=16937"},"modified":"2026-09-03T18:13:44","modified_gmt":"2026-09-03T21:13:44","slug":"el-senado-aprobo-la-prorroga-en-la-emergencia-por-violencia-de-genero","status":"publish","type":"post","link":"https:\/\/muycritico.com.ar\/web\/?p=16937","title":{"rendered":"EL SENADO APROB\u00d3 LA PR\u00d3RROGA EN LA EMERGENCIA POR VIOLENCIA DE G\u00c9NERO"},"content":{"rendered":"<p><strong>El Senado aprob\u00f3 el proyecto de ley que establece la pr\u00f3rroga de la Ley 7857 por el plazo de 2 a\u00f1os. La norma original \u2013 un DNU \u2013 data de 2014. La C\u00e1mara Alta Provincial se dio media sanci\u00f3n al proyecto de pr\u00f3rroga de la emergencia por violencia g\u00e9nero en la provincia de Salta.<\/strong><\/p>\n<p><!--more--><\/p>\n<p>La pr\u00f3rroga es por dos a\u00f1os, y seg\u00fan detall\u00f3 la senadora por Rosario de Lerma, Leonor Minetti, se busca continuar con medidas concretar en lucha por combatir los casos de violencia en mujeres.<\/p>\n<p>Minetti agreg\u00f3 tambi\u00e9n que as\u00ed se mantiene vigente est\u00e9 r\u00e9gimen para sostener la continuidad de las pol\u00edticas que produjeron avances concretos en materia institucional y normativa, sin embargo, ello no implic\u00f3 la desaparici\u00f3n de las causas de la violencia de g\u00e9nero.<\/p>\n<p>La pr\u00f3rroga se aprob\u00f3 por unanimidad, y pas\u00f3 a Diputados en revisi\u00f3n.<\/p>\n","protected":false},"excerpt":{"rendered":"<p>El Senado aprob\u00f3 el proyecto de ley que establece la pr\u00f3rroga de la Ley 7857 por el plazo de 2 a\u00f1os. La norma original \u2013 un DNU \u2013 data de 2014. La C\u00e1mara Alta Provincial se dio media sanci\u00f3n al proyecto de pr\u00f3rroga de la emergencia por violencia g\u00e9nero en la provincia de Salta.<\/p>\n","protected":false},"author":2,"featured_media":16938,"comment_status":"open","ping_status":"closed","sticky":false,"template":"","format":"standard","meta":{"footnotes":""},"categories":[6],"tags":[],"class_list":["post-16937","post","type-post","status-publish","format-standard","has-post-thumbnail","hentry","category-notas"],"_links":{"self":[{"href":"https:\/\/muycritico.com.ar\/web\/index.php?rest_route=\/wp\/v2\/posts\/16937","targetHints":{"allow":["GET"]}}],"collection":[{"href":"https:\/\/muycritico.com.ar\/web\/index.php?rest_route=\/wp\/v2\/posts"}],"about":[{"href":"https:\/\/muycritico.com.ar\/web\/index.php?rest_route=\/wp\/v2\/types\/post"}],"author":[{"embeddable":true,"href":"https:\/\/muycritico.com.ar\/web\/index.php?rest_route=\/wp\/v2\/users\/2"}],"replies":[{"embeddable":true,"href":"https:\/\/muycritico.com.ar\/web\/index.php?rest_route=%2Fwp%2Fv2%2Fcomments&post=16937"}],"version-history":[{"count":1,"href":"https:\/\/muycritico.com.ar\/web\/index.php?rest_route=\/wp\/v2\/posts\/16937\/revisions"}],"predecessor-version":[{"id":16939,"href":"https:\/\/muycritico.com.ar\/web\/index.php?rest_route=\/wp\/v2\/posts\/16937\/revisions\/16939"}],"wp:featuredmedia":[{"embeddable":true,"href":"https:\/\/muycritico.com.ar\/web\/index.php?rest_route=\/wp\/v2\/media\/16938"}],"wp:attachment":[{"href":"https:\/\/muycritico.com.ar\/web\/index.php?rest_route=%2Fwp%2Fv2%2Fmedia&parent=16937"}],"wp:term":[{"taxonomy":"category","embeddable":true,"href":"https:\/\/muycritico.com.ar\/web\/index.php?rest_route=%2Fwp%2Fv2%2Fcategories&post=16937"},{"taxonomy":"post_tag","embeddable":true,"href":"https:\/\/muycritico.com.ar\/web\/index.php?rest_route=%2Fwp%2Fv2%2Ftags&post=16937"}],"curies":[{"name":"wp","href":"https:\/\/api.w.org\/{rel}","templated":true}]}}