{"id":16934,"date":"2026-09-03T13:55:08","date_gmt":"2026-09-03T16:55:08","guid":{"rendered":"https:\/\/muycritico.com.ar\/web\/?p=16934"},"modified":"2026-09-03T13:56:30","modified_gmt":"2026-09-03T16:56:30","slug":"las-plazas-de-la-ciudad-volveran-a-tener-placeros","status":"publish","type":"post","link":"https:\/\/muycritico.com.ar\/web\/?p=16934","title":{"rendered":"LAS PLAZAS DE LA CIUDAD VOLVER\u00c1N A TENER PLACEROS"},"content":{"rendered":"<p><strong>La Municipalidad recuperar\u00e1 una figura tradicional de los espacios p\u00fablicos de la ciudad. En una primera etapa, estar\u00e1n en las plazas de mayor concurrencia. Tendr\u00e1n a su cargo el mantenimiento cotidiano y ser\u00e1n capacitados en RCP y primeros auxilios. No se incorporar\u00e1 nuevo personal a la planta municipal.<\/strong><\/p>\n<p><!--more--><\/p>\n<p>Los placeros volver\u00e1n a estar presentes en las plazas y espacios verdes de la ciudad de Salta. La Municipalidad pondr\u00e1 en marcha el programa \u201cGuarda Plazas\u201d, con el objetivo de cuidar y mantener los espacios verdes que fueron recuperados. La implementaci\u00f3n comenzar\u00e1 en las plazas, parques y espacios verdes con mayor concurrencia de vecinos.<\/p>\n<p>Los nuevos placeros tendr\u00e1n a su cargo tareas de mantenimiento cotidiano, limpieza, recolecci\u00f3n de residuos menores, riego y cuidado de canteros. Tambi\u00e9n recorrer\u00e1n cada espacio para controlar el estado de juegos, luminarias, bancos, cestos, carteler\u00eda, veredas y dem\u00e1s instalaciones.<\/p>\n<p><strong>Una referencia permanente para los vecinos<\/strong><\/p>\n<p>Su funci\u00f3n no estar\u00e1 limitada al mantenimiento. Los placeros deber\u00e1n detectar da\u00f1os, p\u00e9rdidas de agua, hechos de vandalismo o cualquier situaci\u00f3n que pueda representar un riesgo y dar aviso r\u00e1pidamente al \u00e1rea municipal correspondiente.<\/p>\n<p>Tambi\u00e9n estar\u00e1n capacitados en RCP y primeros auxilios para poder actuar ante una emergencia hasta la llegada de la asistencia especializada y servir\u00e1n como referencia para los vecinos que utilizan diariamente estos espacios. Los placeros podr\u00e1n ser identificados f\u00e1cilmente por sus uniformes de color naranja.<\/p>\n<p>Cuando una situaci\u00f3n exceda sus funciones, podr\u00e1n solicitar adem\u00e1s la intervenci\u00f3n de otras \u00e1reas de la Municipalidad o de los preventores urbanos.<\/p>\n<p><strong>Personal con experiencia<\/strong><\/p>\n<p>La puesta en marcha del programa no implicar\u00e1 la incorporaci\u00f3n de nuevos empleados municipales. La Municipalidad realizar\u00e1 una b\u00fasqueda interna entre personal con experiencia para seleccionar a quienes ser\u00e1n destinados a esta tarea y asignarlos de acuerdo con las necesidades de cada espacio.<\/p>\n<p>La decisi\u00f3n acompa\u00f1a el proceso de recuperaci\u00f3n de plazas y parques que viene realizando la ciudad: adem\u00e1s de ponerlos nuevamente en condiciones, el objetivo ahora es garantizar su mantenimiento cotidiano y evitar que vuelvan a deteriorarse.<\/p>\n<p>Con el regreso de los placeros, cada uno de estos espacios tendr\u00e1 nuevamente una persona responsable de observar qu\u00e9 hace falta, cuidar las instalaciones y mantener un contacto directo con los vecinos.<\/p>\n","protected":false},"excerpt":{"rendered":"<p>La Municipalidad recuperar\u00e1 una figura tradicional de los espacios p\u00fablicos de la ciudad. En una primera etapa, estar\u00e1n en las plazas de mayor concurrencia. Tendr\u00e1n a su cargo el mantenimiento cotidiano y ser\u00e1n capacitados en RCP y primeros auxilios. No se incorporar\u00e1 nuevo personal a la planta municipal.<\/p>\n","protected":false},"author":2,"featured_media":16935,"comment_status":"open","ping_status":"closed","sticky":false,"template":"","format":"standard","meta":{"footnotes":""},"categories":[6],"tags":[],"class_list":["post-16934","post","type-post","status-publish","format-standard","has-post-thumbnail","hentry","category-notas"],"_links":{"self":[{"href":"https:\/\/muycritico.com.ar\/web\/index.php?rest_route=\/wp\/v2\/posts\/16934","targetHints":{"allow":["GET"]}}],"collection":[{"href":"https:\/\/muycritico.com.ar\/web\/index.php?rest_route=\/wp\/v2\/posts"}],"about":[{"href":"https:\/\/muycritico.com.ar\/web\/index.php?rest_route=\/wp\/v2\/types\/post"}],"author":[{"embeddable":true,"href":"https:\/\/muycritico.com.ar\/web\/index.php?rest_route=\/wp\/v2\/users\/2"}],"replies":[{"embeddable":true,"href":"https:\/\/muycritico.com.ar\/web\/index.php?rest_route=%2Fwp%2Fv2%2Fcomments&post=16934"}],"version-history":[{"count":1,"href":"https:\/\/muycritico.com.ar\/web\/index.php?rest_route=\/wp\/v2\/posts\/16934\/revisions"}],"predecessor-version":[{"id":16936,"href":"https:\/\/muycritico.com.ar\/web\/index.php?rest_route=\/wp\/v2\/posts\/16934\/revisions\/16936"}],"wp:featuredmedia":[{"embeddable":true,"href":"https:\/\/muycritico.com.ar\/web\/index.php?rest_route=\/wp\/v2\/media\/16935"}],"wp:attachment":[{"href":"https:\/\/muycritico.com.ar\/web\/index.php?rest_route=%2Fwp%2Fv2%2Fmedia&parent=16934"}],"wp:term":[{"taxonomy":"category","embeddable":true,"href":"https:\/\/muycritico.com.ar\/web\/index.php?rest_route=%2Fwp%2Fv2%2Fcategories&post=16934"},{"taxonomy":"post_tag","embeddable":true,"href":"https:\/\/muycritico.com.ar\/web\/index.php?rest_route=%2Fwp%2Fv2%2Ftags&post=16934"}],"curies":[{"name":"wp","href":"https:\/\/api.w.org\/{rel}","templated":true}]}}