{"id":16931,"date":"2026-09-02T15:51:13","date_gmt":"2026-09-02T18:51:13","guid":{"rendered":"https:\/\/muycritico.com.ar\/web\/?p=16931"},"modified":"2026-09-02T15:51:13","modified_gmt":"2026-09-02T18:51:13","slug":"nuevo-puente-sobre-el-rio-vaqueros-exitosa-prueba-de-carga-y-avances-hacia-la-etapa-final","status":"publish","type":"post","link":"https:\/\/muycritico.com.ar\/web\/?p=16931","title":{"rendered":"NUEVO PUENTE SOBRE EL R\u00cdO VAQUEROS: EXITOSA PRUEBA DE CARGA Y AVANCES HACIA LA ETAPA FINAL"},"content":{"rendered":"<p><strong>Vialidad Nacional informa que los trabajos correspondientes a la obra integral sobre el r\u00edo Vaqueros y la Ruta Nacional N\u00b0 9 avanzan a paso firme. Como hito fundamental para el proyecto, recientemente se llev\u00f3 a cabo con \u00e9xito la prueba de carga en el primero de los nuevos puentes construidos. Este ensayo t\u00e9cnico resulta indispensable para verificar la capacidad estructural, evaluar el comportamiento de los materiales y garantizar la m\u00e1xima resistencia de la obra para su futura vida \u00fatil.<\/strong><\/p>\n<p><!--more--><\/p>\n<p>Superada esta instancia decisiva, en los pr\u00f3ximos d\u00edas concluir\u00e1 la instalaci\u00f3n del sistema de iluminaci\u00f3n en todo el sector, un paso clave que dejar\u00e1 al puente en la recta final para su tan esperada habilitaci\u00f3n al tr\u00e1nsito. De forma simult\u00e1nea, los equipos t\u00e9cnicos ejecutan las defensas h\u00eddricas destinadas a proteger la nueva estructura, al tiempo que contin\u00faan las labores sobre la traza de la futura costanera.<\/p>\n<p>Por otro lado, ya se encuentran en marcha los complejos preparativos para el desplazamiento del actual puente met\u00e1lico. Esta hist\u00f3rica estructura ser\u00e1 trasladada aguas abajo para su puesta en valor, transform\u00e1ndose en una v\u00eda de uso exclusivo para peatones y ciclistas.<\/p>\n<p>La concreci\u00f3n de este traslado permitir\u00e1 liberar la zona y avanzar con la construcci\u00f3n de la otra mitad de la nueva rotonda en el acceso a Vaqueros. Este moderno nodo vial fue dise\u00f1ado estrat\u00e9gicamente para ordenar el tr\u00e1fico, optimizar la fluidez vehicular en los horarios pico y brindar los m\u00e1s altos est\u00e1ndares de seguridad vial para los miles de usuarios que transitan a diario por este sector.<\/p>\n","protected":false},"excerpt":{"rendered":"<p>Vialidad Nacional informa que los trabajos correspondientes a la obra integral sobre el r\u00edo Vaqueros y la Ruta Nacional N\u00b0 9 avanzan a paso firme. Como hito fundamental para el proyecto, recientemente se llev\u00f3 a cabo con \u00e9xito la prueba de carga en el primero de los nuevos puentes construidos. Este ensayo t\u00e9cnico resulta indispensable [&hellip;]<\/p>\n","protected":false},"author":2,"featured_media":16932,"comment_status":"open","ping_status":"closed","sticky":false,"template":"","format":"standard","meta":{"footnotes":""},"categories":[6],"tags":[],"class_list":["post-16931","post","type-post","status-publish","format-standard","has-post-thumbnail","hentry","category-notas"],"_links":{"self":[{"href":"https:\/\/muycritico.com.ar\/web\/index.php?rest_route=\/wp\/v2\/posts\/16931","targetHints":{"allow":["GET"]}}],"collection":[{"href":"https:\/\/muycritico.com.ar\/web\/index.php?rest_route=\/wp\/v2\/posts"}],"about":[{"href":"https:\/\/muycritico.com.ar\/web\/index.php?rest_route=\/wp\/v2\/types\/post"}],"author":[{"embeddable":true,"href":"https:\/\/muycritico.com.ar\/web\/index.php?rest_route=\/wp\/v2\/users\/2"}],"replies":[{"embeddable":true,"href":"https:\/\/muycritico.com.ar\/web\/index.php?rest_route=%2Fwp%2Fv2%2Fcomments&post=16931"}],"version-history":[{"count":1,"href":"https:\/\/muycritico.com.ar\/web\/index.php?rest_route=\/wp\/v2\/posts\/16931\/revisions"}],"predecessor-version":[{"id":16933,"href":"https:\/\/muycritico.com.ar\/web\/index.php?rest_route=\/wp\/v2\/posts\/16931\/revisions\/16933"}],"wp:featuredmedia":[{"embeddable":true,"href":"https:\/\/muycritico.com.ar\/web\/index.php?rest_route=\/wp\/v2\/media\/16932"}],"wp:attachment":[{"href":"https:\/\/muycritico.com.ar\/web\/index.php?rest_route=%2Fwp%2Fv2%2Fmedia&parent=16931"}],"wp:term":[{"taxonomy":"category","embeddable":true,"href":"https:\/\/muycritico.com.ar\/web\/index.php?rest_route=%2Fwp%2Fv2%2Fcategories&post=16931"},{"taxonomy":"post_tag","embeddable":true,"href":"https:\/\/muycritico.com.ar\/web\/index.php?rest_route=%2Fwp%2Fv2%2Ftags&post=16931"}],"curies":[{"name":"wp","href":"https:\/\/api.w.org\/{rel}","templated":true}]}}