{"id":16928,"date":"2026-09-02T15:41:44","date_gmt":"2026-09-02T18:41:44","guid":{"rendered":"https:\/\/muycritico.com.ar\/web\/?p=16928"},"modified":"2026-09-02T15:41:44","modified_gmt":"2026-09-02T18:41:44","slug":"ediles-funcionarios-y-especialistas-abordaron-el-proyecto-que-busca-fortalecer-la-preparacion-ante-emergencias-en-edificios-publicos-municipales","status":"publish","type":"post","link":"https:\/\/muycritico.com.ar\/web\/?p=16928","title":{"rendered":"EDILES, FUNCIONARIOS Y ESPECIALISTAS ABORDARON EL PROYECTO QUE BUSCA FORTALECER LA PREPARACI\u00d3N ANTE EMERGENCIAS EN EDIFICIOS P\u00daBLICOS MUNICIPALES"},"content":{"rendered":"<p><strong>En Comisi\u00f3n de Legislaci\u00f3n General del Concejo Deliberante se continu\u00f3 con el an\u00e1lisis de un Proyecto de Ordenanza que propone crear un Sistema Municipal de Preparaci\u00f3n Institucional ante Emergencias para los edificios de la Administraci\u00f3n P\u00fablica. En el marco del tratamiento de la iniciativa, participaron el subsecretario de Protecci\u00f3n Ciudadana, Napole\u00f3n Gambetta, y el ge\u00f3logo Pablo G\u00f3mez Mart\u00ednez, quienes brindaron precisiones sobre la implementaci\u00f3n de protocolos, capacitaciones y simulacros, as\u00ed como sobre distintos aspectos t\u00e9cnicos del Proyecto. Finalmente, los participantes coincidieron en la necesidad de continuar trabajando sobre el texto de la iniciativa para precisar aspectos t\u00e9cnicos y normativos.<\/strong><\/p>\n<p><!--more--><\/p>\n<p>El Proyecto, de autor\u00eda del concejal Gustavo Farquharson (PS), busca fortalecer las capacidades de prevenci\u00f3n, preparaci\u00f3n, respuesta y recuperaci\u00f3n ante situaciones de emergencia o cat\u00e1strofe en los edificios donde funcionan la Municipalidad de la ciudad de Salta, el Concejo Deliberante, el Tribunal Administrativo de Faltas y el Tribunal de Cuentas Municipal.<\/p>\n<p>Durante el encuentro, Gambetta explic\u00f3 que desde el \u00e1rea de Protecci\u00f3n Ciudadana se desarrollan actualmente planes de contingencia, protocolos de prevenci\u00f3n, capacitaciones y simulacros en distintos establecimientos. En este sentido, consider\u00f3 que uno de los principales aportes de la iniciativa \u201ces que queda institucionalizado, que a partir de la aprobaci\u00f3n del Proyecto va a existir una obligaci\u00f3n de la autoridad de aplicaci\u00f3n y una obligaci\u00f3n de que se realicen estas acciones en los edificios municipales\u201d, afirm\u00f3.<\/p>\n<p>El funcionario se\u00f1al\u00f3 que los simulacros permiten evaluar los procedimientos establecidos, detectar errores y realizar las correcciones necesarias. Explic\u00f3 que el trabajo comprende el relevamiento de las condiciones edilicias, la elaboraci\u00f3n y actualizaci\u00f3n de los planos de evacuaci\u00f3n, la capacitaci\u00f3n general del personal y una formaci\u00f3n espec\u00edfica para quienes integran los equipos de emergencia. \u201cNo nos sirve de nada hacer un simulacro cada diez a\u00f1os, no tiene ning\u00fan sentido\u201d, sostuvo Gambetta, al remarcar la importancia de sostener estas pr\u00e1cticas en el tiempo. En relaci\u00f3n con la frecuencia de los simulacros propuesta en la iniciativa, consider\u00f3 positivo que se prevean dos ejercicios anuales, ya que \u201cdos veces en un a\u00f1o es \u00f3ptimo\u201d en t\u00e9rminos te\u00f3ricos, aunque consider\u00f3 fundamental que sean calendarizados para garantizar su realizaci\u00f3n en las distintas dependencias p\u00fablicas.<\/p>\n<p>Adem\u00e1s, destac\u00f3 la importancia de mantener una capacitaci\u00f3n permanente y de establecer mecanismos que permitan formar tambi\u00e9n a quienes ingresan posteriormente a las distintas dependencias.<\/p>\n<p>Por su parte, el ge\u00f3logo Pablo G\u00f3mez Mart\u00ednez brind\u00f3 consideraciones sobre las caracter\u00edsticas s\u00edsmicas de la provincia y la necesidad de fortalecer las acciones de prevenci\u00f3n. Explic\u00f3 que Salta se encuentra en una zona de riesgo s\u00edsmico, por lo que resulta necesario trabajar sobre la preparaci\u00f3n y la informaci\u00f3n de la poblaci\u00f3n, especialmente frente a fen\u00f3menos que no pueden ser anticipados mediante sistemas de alerta. Tambi\u00e9n se\u00f1al\u00f3 que los planes de emergencia deben contemplar las caracter\u00edsticas particulares de cada edificio, considerando aspectos como su antig\u00fcedad, estructura, ubicaci\u00f3n y condiciones del terreno.<\/p>\n<p>Durante el an\u00e1lisis, los ediles realizaron consultas y plantearon observaciones vinculadas con la conformaci\u00f3n y las responsabilidades de los equipos de emergencia, la capacitaci\u00f3n del personal, la actualizaci\u00f3n de los protocolos, la realizaci\u00f3n peri\u00f3dica de simulacros y las medidas previstas ante eventuales incumplimientos. En este \u00faltimo punto, se analiz\u00f3 junto al funcionario la necesidad de precisar el alcance de las obligaciones establecidas en la iniciativa, principalmente en relaci\u00f3n con la realizaci\u00f3n de las capacitaciones, la actualizaci\u00f3n de los protocolos y el cumplimiento de las condiciones de seguridad en los edificios.<\/p>\n<p>Finalmente, los participantes coincidieron en la necesidad de continuar trabajando sobre el texto de la iniciativa para precisar aspectos t\u00e9cnicos y normativos.<\/p>\n<p>La reuni\u00f3n fue presidida por el edil Gonzalo Nieva (J), quien estuvo acompa\u00f1ado por sus pares Eliana Chuchuy, Camila Lobo, Gustavo Farquharson (todos de PS), Erica Castro, Laura Jorge Saravia, Florencia Le\u00f3n, Agustina \u00c1lvarez Eichele (todas de LLA), Malvina Gareca (PC), Laura Garc\u00eda (VS), In\u00e9s Bennassar (GSC), Pablo L\u00f3pez (LP) y Jos\u00e9 Garc\u00eda (YP).<\/p>\n","protected":false},"excerpt":{"rendered":"<p>En Comisi\u00f3n de Legislaci\u00f3n General del Concejo Deliberante se continu\u00f3 con el an\u00e1lisis de un Proyecto de Ordenanza que propone crear un Sistema Municipal de Preparaci\u00f3n Institucional ante Emergencias para los edificios de la Administraci\u00f3n P\u00fablica. En el marco del tratamiento de la iniciativa, participaron el subsecretario de Protecci\u00f3n Ciudadana, Napole\u00f3n Gambetta, y el ge\u00f3logo [&hellip;]<\/p>\n","protected":false},"author":2,"featured_media":16929,"comment_status":"open","ping_status":"closed","sticky":false,"template":"","format":"standard","meta":{"footnotes":""},"categories":[6],"tags":[],"class_list":["post-16928","post","type-post","status-publish","format-standard","has-post-thumbnail","hentry","category-notas"],"_links":{"self":[{"href":"https:\/\/muycritico.com.ar\/web\/index.php?rest_route=\/wp\/v2\/posts\/16928","targetHints":{"allow":["GET"]}}],"collection":[{"href":"https:\/\/muycritico.com.ar\/web\/index.php?rest_route=\/wp\/v2\/posts"}],"about":[{"href":"https:\/\/muycritico.com.ar\/web\/index.php?rest_route=\/wp\/v2\/types\/post"}],"author":[{"embeddable":true,"href":"https:\/\/muycritico.com.ar\/web\/index.php?rest_route=\/wp\/v2\/users\/2"}],"replies":[{"embeddable":true,"href":"https:\/\/muycritico.com.ar\/web\/index.php?rest_route=%2Fwp%2Fv2%2Fcomments&post=16928"}],"version-history":[{"count":1,"href":"https:\/\/muycritico.com.ar\/web\/index.php?rest_route=\/wp\/v2\/posts\/16928\/revisions"}],"predecessor-version":[{"id":16930,"href":"https:\/\/muycritico.com.ar\/web\/index.php?rest_route=\/wp\/v2\/posts\/16928\/revisions\/16930"}],"wp:featuredmedia":[{"embeddable":true,"href":"https:\/\/muycritico.com.ar\/web\/index.php?rest_route=\/wp\/v2\/media\/16929"}],"wp:attachment":[{"href":"https:\/\/muycritico.com.ar\/web\/index.php?rest_route=%2Fwp%2Fv2%2Fmedia&parent=16928"}],"wp:term":[{"taxonomy":"category","embeddable":true,"href":"https:\/\/muycritico.com.ar\/web\/index.php?rest_route=%2Fwp%2Fv2%2Fcategories&post=16928"},{"taxonomy":"post_tag","embeddable":true,"href":"https:\/\/muycritico.com.ar\/web\/index.php?rest_route=%2Fwp%2Fv2%2Ftags&post=16928"}],"curies":[{"name":"wp","href":"https:\/\/api.w.org\/{rel}","templated":true}]}}