{"id":16923,"date":"2026-09-02T15:13:39","date_gmt":"2026-09-02T18:13:39","guid":{"rendered":"https:\/\/muycritico.com.ar\/web\/?p=16923"},"modified":"2026-09-02T15:13:39","modified_gmt":"2026-09-02T18:13:39","slug":"morena-diaz-ledesma-la-doble-campeona-provincial-de-el-galpon-que-va-rumbo-a-mar-del-plata-a-defender-su-titulo","status":"publish","type":"post","link":"https:\/\/muycritico.com.ar\/web\/?p=16923","title":{"rendered":"MORENA D\u00cdAZ LEDESMA, LA DOBLE CAMPEONA PROVINCIAL DE EL GALP\u00d3N QUE VA RUMBO A MAR DEL PLATA A DEFENDER SU TITULO"},"content":{"rendered":"<p><strong>Con apenas 14 a\u00f1os, Morena D\u00edaz Ledesma volvi\u00f3 a dejar bien alto el nombre de El Galp\u00f3n en los Juegos Evita 2026. En la instancia provincial se consagr\u00f3 campeona en lanzamiento de martillo, con una marca de 31,40 metros, y tambi\u00e9n obtuvo el primer puesto en lanzamiento de bala, con 8,30 metros.<\/strong><\/p>\n<p><!--more--><\/p>\n<p>Estos resultados le dieron la clasificaci\u00f3n a la instancia nacional, que se disputar\u00e1 en Mar del Plata, donde representar\u00e1 a El Galp\u00f3n y a la provincia de Salta.<\/p>\n<p>Ser\u00e1 su segunda participaci\u00f3n en un nacional, un nuevo paso en la trayectoria deportiva de una joven que sigue creciendo a fuerza de entrenamiento, constancia y compromiso.<\/p>\n<p><img loading=\"lazy\" decoding=\"async\" class=\"aligncenter size-full wp-image-16925\" src=\"https:\/\/muycritico.com.ar\/web\/wp-content\/uploads\/2026\/09\/MORENA2.jpg\" alt=\"\" width=\"1200\" height=\"1600\" srcset=\"https:\/\/muycritico.com.ar\/web\/wp-content\/uploads\/2026\/09\/MORENA2.jpg 1200w, https:\/\/muycritico.com.ar\/web\/wp-content\/uploads\/2026\/09\/MORENA2-768x1024.jpg 768w, https:\/\/muycritico.com.ar\/web\/wp-content\/uploads\/2026\/09\/MORENA2-1152x1536.jpg 1152w\" sizes=\"auto, (max-width: 1200px) 100vw, 1200px\" \/><\/p>\n<p>La atleta estuvo acompa\u00f1ada por el director de Deportes de la Municipalidad, mientras que el Municipio tuvo a su cargo el traslado para la competencia provincial.<\/p>\n<p>Desde la Municipalidad de El Galp\u00f3n felicitamos a Morena por este logro y renovamos nuestro acompa\u00f1amiento al deporte local y a los j\u00f3venes que nos representan dentro y fuera de la provincia.<\/p>\n<p><img loading=\"lazy\" decoding=\"async\" class=\"aligncenter size-full wp-image-16926\" src=\"https:\/\/muycritico.com.ar\/web\/wp-content\/uploads\/2026\/09\/MORENA.jpg\" alt=\"\" width=\"1280\" height=\"720\" srcset=\"https:\/\/muycritico.com.ar\/web\/wp-content\/uploads\/2026\/09\/MORENA.jpg 1280w, https:\/\/muycritico.com.ar\/web\/wp-content\/uploads\/2026\/09\/MORENA-768x432.jpg 768w\" sizes=\"auto, (max-width: 1280px) 100vw, 1280px\" \/><\/p>\n","protected":false},"excerpt":{"rendered":"<p>Con apenas 14 a\u00f1os, Morena D\u00edaz Ledesma volvi\u00f3 a dejar bien alto el nombre de El Galp\u00f3n en los Juegos Evita 2026. En la instancia provincial se consagr\u00f3 campeona en lanzamiento de martillo, con una marca de 31,40 metros, y tambi\u00e9n obtuvo el primer puesto en lanzamiento de bala, con 8,30 metros.<\/p>\n","protected":false},"author":2,"featured_media":16924,"comment_status":"open","ping_status":"closed","sticky":false,"template":"","format":"standard","meta":{"footnotes":""},"categories":[6],"tags":[],"class_list":["post-16923","post","type-post","status-publish","format-standard","has-post-thumbnail","hentry","category-notas"],"_links":{"self":[{"href":"https:\/\/muycritico.com.ar\/web\/index.php?rest_route=\/wp\/v2\/posts\/16923","targetHints":{"allow":["GET"]}}],"collection":[{"href":"https:\/\/muycritico.com.ar\/web\/index.php?rest_route=\/wp\/v2\/posts"}],"about":[{"href":"https:\/\/muycritico.com.ar\/web\/index.php?rest_route=\/wp\/v2\/types\/post"}],"author":[{"embeddable":true,"href":"https:\/\/muycritico.com.ar\/web\/index.php?rest_route=\/wp\/v2\/users\/2"}],"replies":[{"embeddable":true,"href":"https:\/\/muycritico.com.ar\/web\/index.php?rest_route=%2Fwp%2Fv2%2Fcomments&post=16923"}],"version-history":[{"count":1,"href":"https:\/\/muycritico.com.ar\/web\/index.php?rest_route=\/wp\/v2\/posts\/16923\/revisions"}],"predecessor-version":[{"id":16927,"href":"https:\/\/muycritico.com.ar\/web\/index.php?rest_route=\/wp\/v2\/posts\/16923\/revisions\/16927"}],"wp:featuredmedia":[{"embeddable":true,"href":"https:\/\/muycritico.com.ar\/web\/index.php?rest_route=\/wp\/v2\/media\/16924"}],"wp:attachment":[{"href":"https:\/\/muycritico.com.ar\/web\/index.php?rest_route=%2Fwp%2Fv2%2Fmedia&parent=16923"}],"wp:term":[{"taxonomy":"category","embeddable":true,"href":"https:\/\/muycritico.com.ar\/web\/index.php?rest_route=%2Fwp%2Fv2%2Fcategories&post=16923"},{"taxonomy":"post_tag","embeddable":true,"href":"https:\/\/muycritico.com.ar\/web\/index.php?rest_route=%2Fwp%2Fv2%2Ftags&post=16923"}],"curies":[{"name":"wp","href":"https:\/\/api.w.org\/{rel}","templated":true}]}}