{"id":16919,"date":"2026-09-02T15:02:15","date_gmt":"2026-09-02T18:02:15","guid":{"rendered":"https:\/\/muycritico.com.ar\/web\/?p=16919"},"modified":"2026-09-02T15:02:15","modified_gmt":"2026-09-02T18:02:15","slug":"saenz-fortalece-a-la-policia-de-salta-con-151-nuevos-moviles-y-300-agentes","status":"publish","type":"post","link":"https:\/\/muycritico.com.ar\/web\/?p=16919","title":{"rendered":"S\u00c1ENZ FORTALECE A LA POLIC\u00cdA DE SALTA CON 151 NUEVOS M\u00d3VILES Y 300 AGENTES"},"content":{"rendered":"<p><strong>Con esta cuarta entrega del a\u00f1o, el Gobernador asegur\u00f3 que \u201ccon orgullo podemos decir que nuestra gesti\u00f3n ha renovado casi el 90% de la flota policial\u201d y reconoci\u00f3 la labor de la fuerza que todos los d\u00edas sus miembros \u201cson custodios de la seguridad de lo que m\u00e1s queremos: nuestra gente, nuestro pueblo\u201d.<\/strong><\/p>\n<p><!--more--><\/p>\n<p>\u201cEstamos cumpliendo una vez m\u00e1s, la premisa de nuestra gesti\u00f3n: lo importante no son las palabras sino los hechos\u201d. As\u00ed lo se\u00f1al\u00f3 el gobernador Gustavo S\u00e1enz al encabezar la entrega de 121 motocicletas y 30 cuatriciclos para fortalecer el trabajo operativo y preventivo de la Polic\u00eda de Salta. Adem\u00e1s, formaliz\u00f3 la incorporaci\u00f3n de 300 agentes que ingresaron formalmente a la fuerza el 1 de septiembre y ser\u00e1n distribuidos en los 14 Distritos de Prevenci\u00f3n de la provincia.<\/p>\n<p>Esta es la cuarta entrega de veh\u00edculos del a\u00f1o a la Polic\u00eda de Salta, porque \u201cdesde que asumimos como gobierno siempre dijimos que la seguridad era pol\u00edtica de Estado; lo que la gente reclamaba y reclama: mayor seguridad, tranquilidad, paz y armon\u00eda en cada uno de sus hogares y en las calles\u201d.<\/p>\n<p><iframe loading=\"lazy\" title=\"S\u00e1enz fortalece a la Polic\u00eda de Salta con 151 nuevos m\u00f3viles y 300 agentes\" width=\"696\" height=\"392\" src=\"https:\/\/www.youtube.com\/embed\/YXfcDegLYu4?feature=oembed\" frameborder=\"0\" allow=\"accelerometer; autoplay; clipboard-write; encrypted-media; gyroscope; picture-in-picture; web-share\" referrerpolicy=\"strict-origin-when-cross-origin\" allowfullscreen><\/iframe><\/p>\n<p>Indic\u00f3 que, a partir de esta decisi\u00f3n, \u201cy m\u00e1s en momentos dif\u00edciles donde los recursos no alcanzan, hay que priorizar lo importante: la seguridad no s\u00f3lo es una prioridad, sino tambi\u00e9n una necesidad, teniendo en claro que no es un gasto sino una inversi\u00f3n\u201d.<\/p>\n<p>En este sentido, el gobernador record\u00f3 que las acciones de su gobierno impulsaron pol\u00edticas \u201cque ha transformado la cantidad de veh\u00edculos incorporados a la Polic\u00eda, porque cuando asumimos la flota de la Polic\u00eda estaba completamente destruida, obsoleta, vieja y en muchos casos sin funcionar. Con orgullo podemos decir que nuestra gesti\u00f3n ha renovado casi el 90% de la flota\u201d.<\/p>\n<p><img loading=\"lazy\" decoding=\"async\" class=\"aligncenter size-full wp-image-16921\" src=\"https:\/\/muycritico.com.ar\/web\/wp-content\/uploads\/2026\/09\/POLICIA.jpg\" alt=\"\" width=\"1056\" height=\"594\" srcset=\"https:\/\/muycritico.com.ar\/web\/wp-content\/uploads\/2026\/09\/POLICIA.jpg 1056w, https:\/\/muycritico.com.ar\/web\/wp-content\/uploads\/2026\/09\/POLICIA-768x432.jpg 768w\" sizes=\"auto, (max-width: 1056px) 100vw, 1056px\" \/><\/p>\n<p>Con relaci\u00f3n a los 300 agentes que se est\u00e1n incorporando a la fuerza, S\u00e1enz les expres\u00f3 su reconocimiento, \u201cser\u00e1n custodios de la seguridad de lo que m\u00e1s queremos: nuestra gente, nuestro pueblo\u201d.<\/p>\n<p>Asimismo, reiter\u00f3 su confianza en la labor diaria de cada integrante de la fuerza y la hizo extensiva a toda la familia policial \u201cque siempre ha acompa\u00f1ado en los momentos m\u00e1s dif\u00edciles\u201d.<\/p>\n<p>Por \u00faltimo, reiter\u00f3 que todo su equipo de Gobierno est\u00e1 instruido para sostener la presencia en toda la provincia en contacto permanente con la comunidad: \u201cEn este caso, es lo que estamos haciendo m\u00e1s recursos para mayor cercan\u00eda, m\u00e1s tranquilidad, prevenir los delitos y por sobre todas las cosas escuchar a todos y cada uno de los vecinos en distintos lugares. Porque cuando hablo de federalismo a nivel nacional, lo practico en mi provincia\u201d.<\/p>\n<p>Al finalizar, el Gobernador ratific\u00f3 que lo importante es Salta y los salte\u00f1os, por lo que \u201caquellos que no est\u00e1n en la provincia, que est\u00e1n en La Rioja y en Buenos Aires, mientras nosotros estamos ac\u00e1 todos los d\u00edas al lado de la gente, no nos digan c\u00f3mo construir la pol\u00edtica. Nosotros estamos construyendo Salta para el futuro de cada uno de los salte\u00f1os; no hablamos de pol\u00edtica ni de elecciones, sino de una Salta que crece con fuerza, con seguridad, para las generaciones que vienen\u201d.<\/p>\n<p><iframe loading=\"lazy\" title=\"S\u00e1enz fortalece a la Polic\u00eda de Salta con 151 nuevos m\u00f3viles y 300 agentes\" width=\"696\" height=\"392\" src=\"https:\/\/www.youtube.com\/embed\/vhPnL7RyfDE?feature=oembed\" frameborder=\"0\" allow=\"accelerometer; autoplay; clipboard-write; encrypted-media; gyroscope; picture-in-picture; web-share\" referrerpolicy=\"strict-origin-when-cross-origin\" allowfullscreen><\/iframe><\/p>\n<p>Por su parte, el ministro de Seguridad Nicol\u00e1s Avellaneda destac\u00f3 el esfuerzo del Gobierno provincial para potenciar la presencia policial y mejorar los tiempos de respuesta. \u201cDesde el inicio de la gesti\u00f3n nos propusimos incrementar de manera sostenida todas las estrategias preventivas que acerquen a la comunidad con la instituci\u00f3n policial. Hoy estamos fortaleciendo con recursos humanos y equipamiento uno de los pilares esenciales de toda sociedad, que es la seguridad\u201d, afirm\u00f3.<\/p>\n<p>Asimismo, remarc\u00f3 que la seguridad se construye entre todos y valor\u00f3 el aporte de los vecinos en el dise\u00f1o de las pol\u00edticas p\u00fablicas. \u201cEstamos generando acciones para fortalecer los lazos comunitarios, recuperar la confianza en las instituciones y convocar a la sociedad a involucrarse activamente. La prevenci\u00f3n y la operatividad con mayor presencia en las calles ser\u00e1n los ejes de esta nueva etapa\u201d.<\/p>\n<p>Finalmente, Avellaneda destac\u00f3 la descentralizaci\u00f3n de las unidades especiales, tanto en Capital como en el interior. \u201cEsta decisi\u00f3n nos permitir\u00e1 fortalecer la prevenci\u00f3n del delito, la investigaci\u00f3n criminal y la lucha contra el narcotr\u00e1fico y el crimen organizado en toda la provincia, generando entornos m\u00e1s seguros para las familias salte\u00f1as\u201d, concluy\u00f3.<\/p>\n<p>El jefe de Polic\u00eda de la Provincia, Walter Toledo, destac\u00f3 que se trata de un fortalecimiento hist\u00f3rico para la instituci\u00f3n. \u201cEste es un paso fundamental para seguir acercando la Polic\u00eda a la gente. Con m\u00e1s personal en las calles y con m\u00e1s recursos log\u00edsticos, vamos a reforzar la presencia preventiva en todos los barrios de la Capital y en el interior de la provincia\u201d, asegur\u00f3.<\/p>\n<p>Asimismo, subray\u00f3 que el nuevo equipamiento permitir\u00e1 optimizar la capacidad operativa. \u201cLas 121 motocicletas y los 30 cuatriciclos nos van a permitir llegar m\u00e1s r\u00e1pido, mejorar los tiempos de respuesta y patrullar zonas de dif\u00edcil acceso. Es una inversi\u00f3n con herramientas modernas que se traduce directamente en m\u00e1s prevenci\u00f3n, m\u00e1s movilidad y m\u00e1s seguridad para todos los salte\u00f1os\u201d, concluy\u00f3.<\/p>\n<p>Tambi\u00e9n participaron de la ceremonia, el vicegobernador Antonio Marocco; el intendente de la Ciudad, Emiliano Durand; el ministro de Gobierno y Justicia, Ignacio Jars\u00fan; el presidente de la C\u00e1mara de Diputados, Esteban Amat; el secretario de Seguridad, Ignacio Vilchez; funcionarios del Ejecutivo provincial, de la Fuerza de Seguridad, legisladores provinciales y municipales; familias, entre otros.<\/p>\n","protected":false},"excerpt":{"rendered":"<p>Con esta cuarta entrega del a\u00f1o, el Gobernador asegur\u00f3 que \u201ccon orgullo podemos decir que nuestra gesti\u00f3n ha renovado casi el 90% de la flota policial\u201d y reconoci\u00f3 la labor de la fuerza que todos los d\u00edas sus miembros \u201cson custodios de la seguridad de lo que m\u00e1s queremos: nuestra gente, nuestro pueblo\u201d.<\/p>\n","protected":false},"author":2,"featured_media":16920,"comment_status":"open","ping_status":"closed","sticky":false,"template":"","format":"standard","meta":{"footnotes":""},"categories":[6],"tags":[],"class_list":["post-16919","post","type-post","status-publish","format-standard","has-post-thumbnail","hentry","category-notas"],"_links":{"self":[{"href":"https:\/\/muycritico.com.ar\/web\/index.php?rest_route=\/wp\/v2\/posts\/16919","targetHints":{"allow":["GET"]}}],"collection":[{"href":"https:\/\/muycritico.com.ar\/web\/index.php?rest_route=\/wp\/v2\/posts"}],"about":[{"href":"https:\/\/muycritico.com.ar\/web\/index.php?rest_route=\/wp\/v2\/types\/post"}],"author":[{"embeddable":true,"href":"https:\/\/muycritico.com.ar\/web\/index.php?rest_route=\/wp\/v2\/users\/2"}],"replies":[{"embeddable":true,"href":"https:\/\/muycritico.com.ar\/web\/index.php?rest_route=%2Fwp%2Fv2%2Fcomments&post=16919"}],"version-history":[{"count":1,"href":"https:\/\/muycritico.com.ar\/web\/index.php?rest_route=\/wp\/v2\/posts\/16919\/revisions"}],"predecessor-version":[{"id":16922,"href":"https:\/\/muycritico.com.ar\/web\/index.php?rest_route=\/wp\/v2\/posts\/16919\/revisions\/16922"}],"wp:featuredmedia":[{"embeddable":true,"href":"https:\/\/muycritico.com.ar\/web\/index.php?rest_route=\/wp\/v2\/media\/16920"}],"wp:attachment":[{"href":"https:\/\/muycritico.com.ar\/web\/index.php?rest_route=%2Fwp%2Fv2%2Fmedia&parent=16919"}],"wp:term":[{"taxonomy":"category","embeddable":true,"href":"https:\/\/muycritico.com.ar\/web\/index.php?rest_route=%2Fwp%2Fv2%2Fcategories&post=16919"},{"taxonomy":"post_tag","embeddable":true,"href":"https:\/\/muycritico.com.ar\/web\/index.php?rest_route=%2Fwp%2Fv2%2Ftags&post=16919"}],"curies":[{"name":"wp","href":"https:\/\/api.w.org\/{rel}","templated":true}]}}