{"id":16914,"date":"2026-09-02T14:44:37","date_gmt":"2026-09-02T17:44:37","guid":{"rendered":"https:\/\/muycritico.com.ar\/web\/?p=16914"},"modified":"2026-09-02T14:55:53","modified_gmt":"2026-09-02T17:55:53","slug":"pity-alvarez-se-descompenso-en-pleno-debate-y-la-defensa-volvio-a-pedir-la-suspension-del-juicio-por-el-crimen-de-cristian-diaz","status":"publish","type":"post","link":"https:\/\/muycritico.com.ar\/web\/?p=16914","title":{"rendered":"PITY \u00c1LVAREZ SE DESCOMPENS\u00d3 EN PLENO DEBATE Y LA DEFENSA VOLVI\u00d3 A PEDIR LA SUSPENSI\u00d3N DEL JUICIO POR EL CRIMEN DE CRISTIAN D\u00cdAZ"},"content":{"rendered":"<p><strong>El proceso en el Tribunal Oral en lo Criminal N\u00b0 29 sum\u00f3 un nuevo punto de conflicto tras los reiterados episodios de somnolencia del cantante. Los abogados defensores presentaron un recurso de inconstitucionalidad para frenar el juzgamiento hasta determinar su capacidad psicof\u00edsica<\/strong><\/p>\n<p><!--more--><\/p>\n<p>ROSARIO 3 informa que el juicio contra Cristian &#8220;Pity&#8221; \u00c1lvarez por el homicidio de Cristian Maximiliano D\u00edaz atraviesa jornadas decisivas marcadas por el estado de salud del m\u00fasico. Tras el paso de los primeros efectivos policiales ante el Tribunal Oral en lo Criminal y Correccional N\u00b0 29, la \u00faltima audiencia debi\u00f3 interrumpirse intempestivamente luego de que el ex l\u00edder de Viejas Locas e Intoxicados sufriera un cuadro de sofocaci\u00f3n y somnolencia que requiri\u00f3 la intervenci\u00f3n del Servicio de Atenci\u00f3n M\u00e9dica de Emergencia (SAME).<\/p>\n<p>El episodio ocurri\u00f3 durante el segundo testimonio de la jornada, cuando el imputado solicit\u00f3 retirarse al ba\u00f1o y no retorn\u00f3 al recinto. Ante la demora, una de sus letradas asistenciales acudi\u00f3 a buscarlo e inform\u00f3 la descomposici\u00f3n del artista. El presidente del tribunal dispuso un cuarto intermedio inmediato para permitir la asistencia m\u00e9dica, tiempo en el que \u00c1lvarez permaneci\u00f3 en el patio del edificio con auxilio de su personal de seguridad.<\/p>\n<blockquote class=\"twitter-tweet\">\n<p dir=\"ltr\" lang=\"es\">Pity \u00c1lvarez fue al ba\u00f1o en medio de la audiencia y se descompens\u00f3.<br \/>\nDijo que &#8220;estaba sofocado&#8221;. El SAME lo traslada al hospital Fern\u00e1ndez. <a href=\"https:\/\/t.co\/yfHf9k5L8R\">https:\/\/t.co\/yfHf9k5L8R<\/a> <a href=\"https:\/\/t.co\/tepUBWdCt5\">pic.twitter.com\/tepUBWdCt5<\/a><\/p>\n<p>\u2014 TN &#8211; Todo Noticias (@todonoticias) <a href=\"https:\/\/x.com\/todonoticias\/status\/2095181525532987738?ref_src=twsrc%5Etfw\">September 2, 2026<\/a><\/p><\/blockquote>\n<p><script async src=\"https:\/\/platform.x.com\/widgets.js\" charset=\"utf-8\"><\/script><\/p>\n<p>La agenda del debate prev\u00e9 la comparecencia de los profesionales que intervinieron en las actuaciones posteriores al hecho. Entre los citados figuran Ang\u00e9lica Cristina Bustos, responsable de la autopsia de la v\u00edctima; Manuel Oscar Mart\u00edn, licenciado en Criminal\u00edstica; Melina Brenda Michel, t\u00e9cnica en Bal\u00edstica; Mariela Biazoni Rolla, m\u00e9dica legista; y los integrantes del Cuerpo M\u00e9dico Forense Esteban Toro Mart\u00ednez y Celminia Guzm\u00e1n.<\/p>\n<p>En paralelo, los abogados defensores Javier Ignacio Ba\u00f1os y Sebasti\u00e1n Queijeiro articularon un nuevo planteo judicial para frenar el tr\u00e1mite de la causa. La representaci\u00f3n t\u00e9cnica present\u00f3 un recurso de inconstitucionalidad con el objetivo de suspender las audiencias e instar a una nueva evaluaci\u00f3n integral que determine si el acusado posee las condiciones neurops\u00edquicas necesarias para encarar el juzgamiento.<\/p>\n","protected":false},"excerpt":{"rendered":"<p>El proceso en el Tribunal Oral en lo Criminal N\u00b0 29 sum\u00f3 un nuevo punto de conflicto tras los reiterados episodios de somnolencia del cantante. Los abogados defensores presentaron un recurso de inconstitucionalidad para frenar el juzgamiento hasta determinar su capacidad psicof\u00edsica<\/p>\n","protected":false},"author":2,"featured_media":16915,"comment_status":"open","ping_status":"closed","sticky":false,"template":"","format":"standard","meta":{"footnotes":""},"categories":[6],"tags":[],"class_list":["post-16914","post","type-post","status-publish","format-standard","has-post-thumbnail","hentry","category-notas"],"_links":{"self":[{"href":"https:\/\/muycritico.com.ar\/web\/index.php?rest_route=\/wp\/v2\/posts\/16914","targetHints":{"allow":["GET"]}}],"collection":[{"href":"https:\/\/muycritico.com.ar\/web\/index.php?rest_route=\/wp\/v2\/posts"}],"about":[{"href":"https:\/\/muycritico.com.ar\/web\/index.php?rest_route=\/wp\/v2\/types\/post"}],"author":[{"embeddable":true,"href":"https:\/\/muycritico.com.ar\/web\/index.php?rest_route=\/wp\/v2\/users\/2"}],"replies":[{"embeddable":true,"href":"https:\/\/muycritico.com.ar\/web\/index.php?rest_route=%2Fwp%2Fv2%2Fcomments&post=16914"}],"version-history":[{"count":3,"href":"https:\/\/muycritico.com.ar\/web\/index.php?rest_route=\/wp\/v2\/posts\/16914\/revisions"}],"predecessor-version":[{"id":16918,"href":"https:\/\/muycritico.com.ar\/web\/index.php?rest_route=\/wp\/v2\/posts\/16914\/revisions\/16918"}],"wp:featuredmedia":[{"embeddable":true,"href":"https:\/\/muycritico.com.ar\/web\/index.php?rest_route=\/wp\/v2\/media\/16915"}],"wp:attachment":[{"href":"https:\/\/muycritico.com.ar\/web\/index.php?rest_route=%2Fwp%2Fv2%2Fmedia&parent=16914"}],"wp:term":[{"taxonomy":"category","embeddable":true,"href":"https:\/\/muycritico.com.ar\/web\/index.php?rest_route=%2Fwp%2Fv2%2Fcategories&post=16914"},{"taxonomy":"post_tag","embeddable":true,"href":"https:\/\/muycritico.com.ar\/web\/index.php?rest_route=%2Fwp%2Fv2%2Ftags&post=16914"}],"curies":[{"name":"wp","href":"https:\/\/api.w.org\/{rel}","templated":true}]}}