{"id":16903,"date":"2026-09-01T18:21:39","date_gmt":"2026-09-01T21:21:39","guid":{"rendered":"https:\/\/muycritico.com.ar\/web\/?p=16903"},"modified":"2026-09-01T18:28:09","modified_gmt":"2026-09-01T21:28:09","slug":"ada-zunino-los-padres-deberan-asumir-la-responsabilidad-que-les-corresponde","status":"publish","type":"post","link":"https:\/\/muycritico.com.ar\/web\/?p=16903","title":{"rendered":"ADA ZUNINO: \u201cLOS PADRES DEBER\u00c1N ASUMIR LA RESPONSABILIDAD QUE LES CORRESPONDE\u201d"},"content":{"rendered":"<p><strong>La titular de la Defensor\u00eda General, Ada Zunino, regres\u00f3 a su ciudad natal para participar de una charla con estudiantes secundarios sobre el nuevo R\u00e9gimen Penal Juvenil, que comenzar\u00e1 a regir el pr\u00f3ximo 5 de septiembre. Ante alumnos de 4\u00b0 y 5\u00b0 a\u00f1o de distintos colegios de Met\u00e1n, explic\u00f3 los principales cambios de la nueva legislaci\u00f3n y puso especial atenci\u00f3n en las responsabilidades que alcanzar\u00e1n a los adolescentes y a sus familias.<\/strong><\/p>\n<p><!--more--><\/p>\n<p>La actividad se realiz\u00f3 en la Casa de la Cultura y reuni\u00f3 tambi\u00e9n a jueces, funcionarios y representantes del Ministerio P\u00fablico vinculados al trabajo con menores de edad. El encuentro busc\u00f3 acercar a los j\u00f3venes informaci\u00f3n sobre una normativa que modificar\u00e1 la forma en que la Justicia interviene frente a delitos cometidos por adolescentes.<\/p>\n<p>Seg\u00fan publica EXPRESION DEL SURU, Zunino explic\u00f3 que uno de los cambios centrales es la reducci\u00f3n de la edad de punibilidad y la aplicaci\u00f3n de un procedimiento especializado para menores de 18 a\u00f1os. Al mismo tiempo, se\u00f1al\u00f3 que la nueva legislaci\u00f3n debe ser interpretada de acuerdo con la Convenci\u00f3n sobre los Derechos del Ni\u00f1o, que posee jerarqu\u00eda constitucional en la Argentina.<\/p>\n<p>\u201cHasta los 18 a\u00f1os, ese joven sigue siendo un ni\u00f1o. El R\u00e9gimen Penal Juvenil es un r\u00e9gimen especializado, con una judicatura y personas especializadas en esta materia\u201d, sostuvo.<\/p>\n<p>La defensora tambi\u00e9n remarc\u00f3 que la responsabilidad no termina en el adolescente. Los padres, por tratarse de menores de edad, deber\u00e1n asumir las obligaciones que les corresponden respecto del cuidado, la protecci\u00f3n y el acompa\u00f1amiento de sus hijos.<\/p>\n<p>Durante su exposici\u00f3n, plante\u00f3 adem\u00e1s una problem\u00e1tica que aparece cada vez con mayor frecuencia en los conflictos entre adolescentes: el uso de las redes sociales. Publicaciones, videos, acusaciones o expresiones que puedan afectar a otra persona pueden derivar en consecuencias que ya no quedan al margen de una intervenci\u00f3n judicial.<\/p>\n<p>Seg\u00fan explic\u00f3, buena parte de las relaciones entre los j\u00f3venes transcurre hoy en las plataformas digitales y los da\u00f1os producidos all\u00ed pueden trasladarse r\u00e1pidamente a la vida cotidiana.<\/p>\n<p>\u201cEl da\u00f1o que a veces se ocasiona a otro menor de edad puede ser irreparable\u201d, advirti\u00f3 Zunino, quien record\u00f3 que Met\u00e1n atraves\u00f3 situaciones dolorosas relacionadas con j\u00f3venes que decidieron quitarse la vida, aunque aclar\u00f3 que se trata de hechos atravesados por m\u00faltiples circunstancias.<\/p>\n<p><img loading=\"lazy\" decoding=\"async\" class=\"aligncenter size-full wp-image-16905\" src=\"https:\/\/muycritico.com.ar\/web\/wp-content\/uploads\/2026\/09\/ADA-ZUNINO.jpg\" alt=\"\" width=\"941\" height=\"553\" srcset=\"https:\/\/muycritico.com.ar\/web\/wp-content\/uploads\/2026\/09\/ADA-ZUNINO.jpg 941w, https:\/\/muycritico.com.ar\/web\/wp-content\/uploads\/2026\/09\/ADA-ZUNINO-768x451.jpg 768w\" sizes=\"auto, (max-width: 941px) 100vw, 941px\" \/><\/p>\n<p><strong>Justicia restaurativa y respuestas seg\u00fan cada caso<\/strong><\/p>\n<p>Otro de los puntos abordados fue la justicia restaurativa, uno de los criterios que tendr\u00e1 peso dentro del nuevo r\u00e9gimen. Zunino explic\u00f3 que la respuesta judicial no ser\u00e1 id\u00e9ntica para todos los adolescentes y que deber\u00e1n analizarse las condiciones particulares de cada uno.<\/p>\n<p>La funcionaria mencion\u00f3, entre otros casos, a j\u00f3venes con consumos problem\u00e1ticos, dificultades familiares o problemas psicol\u00f3gicos y psiqui\u00e1tricos. Esas circunstancias deber\u00e1n ser consideradas al momento de definir c\u00f3mo se aborda el conflicto y qu\u00e9 respuesta corresponde.<\/p>\n<p>Si bien la legislaci\u00f3n contempla penas privativas de la libertad para determinados delitos, Zunino sostuvo que tambi\u00e9n existir\u00e1n mecanismos alternativos de resoluci\u00f3n de conflictos y medidas pensadas desde una perspectiva restaurativa.<\/p>\n<p>\u201cLa sanci\u00f3n se va a aplicar de manera individualizada, de acuerdo con las caracter\u00edsticas propias del menor\u201d, explic\u00f3.<\/p>\n<p>En ese punto, se\u00f1al\u00f3 que el prop\u00f3sito de estos encuentros es que los adolescentes conozcan de primera mano la legislaci\u00f3n que comenzar\u00e1 a aplicarse y puedan plantear sus dudas ante quienes tendr\u00e1n intervenci\u00f3n directa en este tipo de causas.<\/p>\n<p><strong>Ada Zunino y una agenda con mayor presencia en el interior<\/strong><\/p>\n<p>La titular de la Defensor\u00eda General se\u00f1al\u00f3 que las charlas continuar\u00e1n tanto en la capital salte\u00f1a como en distintas localidades de la provincia. Uno de los objetivos de su gesti\u00f3n, dijo, es fortalecer la presencia de la Defensa P\u00fablica fuera de la ciudad de Salta y acercar a los funcionarios judiciales a la comunidad.<\/p>\n<p>Zunino vincul\u00f3 esa decisi\u00f3n con su propia trayectoria y con su origen metanense.<\/p>\n<p>\u201cSoy una mujer del interior de la provincia. Creo que el interior tiene que ser valorado \u00edntegramente; somos personas muy capaces y con conocimientos\u201d, expres\u00f3.<\/p>\n<p>Tambi\u00e9n record\u00f3 que Met\u00e1n ha tenido figuras destacadas dentro del \u00e1mbito jur\u00eddico y mencion\u00f3 al exministro de la Corte Suprema de Justicia de la Naci\u00f3n nacido en esta ciudad.<\/p>\n<p>Frente a los estudiantes, Zunino los alent\u00f3 a participar de este tipo de encuentros y a preguntar directamente a jueces, fiscales, defensores y funcionarios sobre situaciones que pueden aparecer en su vida cotidiana.<\/p>\n<p>\u201cNo desaprovechen esta oportunidad. Pregunten, porque son problem\u00e1ticas que pueden tener en su vida diaria\u201d, les dijo.<\/p>\n<p>El regreso a Met\u00e1n tuvo adem\u00e1s un componente personal para la defensora general. Al hablar de la ciudad donde creci\u00f3 y en la que todav\u00eda mantiene fuertes v\u00ednculos, fue directa: \u201cMet\u00e1n es mi hogar\u201d.<\/p>\n<p>Zunino asegur\u00f3 que continuar\u00e1 atendiendo las inquietudes provenientes del sur provincial y reafirm\u00f3 que una de las l\u00edneas de su gesti\u00f3n ser\u00e1 mantener una mayor presencia de la Defensa P\u00fablica en el interior, especialmente ante la puesta en marcha de un R\u00e9gimen Penal Juvenil que obligar\u00e1 a adolescentes, familias y operadores judiciales a adaptarse a una nueva forma de abordar estos conflictos.<\/p>\n","protected":false},"excerpt":{"rendered":"<p>La titular de la Defensor\u00eda General, Ada Zunino, regres\u00f3 a su ciudad natal para participar de una charla con estudiantes secundarios sobre el nuevo R\u00e9gimen Penal Juvenil, que comenzar\u00e1 a regir el pr\u00f3ximo 5 de septiembre. Ante alumnos de 4\u00b0 y 5\u00b0 a\u00f1o de distintos colegios de Met\u00e1n, explic\u00f3 los principales cambios de la nueva [&hellip;]<\/p>\n","protected":false},"author":2,"featured_media":16904,"comment_status":"open","ping_status":"closed","sticky":false,"template":"","format":"standard","meta":{"footnotes":""},"categories":[6],"tags":[],"class_list":["post-16903","post","type-post","status-publish","format-standard","has-post-thumbnail","hentry","category-notas"],"_links":{"self":[{"href":"https:\/\/muycritico.com.ar\/web\/index.php?rest_route=\/wp\/v2\/posts\/16903","targetHints":{"allow":["GET"]}}],"collection":[{"href":"https:\/\/muycritico.com.ar\/web\/index.php?rest_route=\/wp\/v2\/posts"}],"about":[{"href":"https:\/\/muycritico.com.ar\/web\/index.php?rest_route=\/wp\/v2\/types\/post"}],"author":[{"embeddable":true,"href":"https:\/\/muycritico.com.ar\/web\/index.php?rest_route=\/wp\/v2\/users\/2"}],"replies":[{"embeddable":true,"href":"https:\/\/muycritico.com.ar\/web\/index.php?rest_route=%2Fwp%2Fv2%2Fcomments&post=16903"}],"version-history":[{"count":3,"href":"https:\/\/muycritico.com.ar\/web\/index.php?rest_route=\/wp\/v2\/posts\/16903\/revisions"}],"predecessor-version":[{"id":16908,"href":"https:\/\/muycritico.com.ar\/web\/index.php?rest_route=\/wp\/v2\/posts\/16903\/revisions\/16908"}],"wp:featuredmedia":[{"embeddable":true,"href":"https:\/\/muycritico.com.ar\/web\/index.php?rest_route=\/wp\/v2\/media\/16904"}],"wp:attachment":[{"href":"https:\/\/muycritico.com.ar\/web\/index.php?rest_route=%2Fwp%2Fv2%2Fmedia&parent=16903"}],"wp:term":[{"taxonomy":"category","embeddable":true,"href":"https:\/\/muycritico.com.ar\/web\/index.php?rest_route=%2Fwp%2Fv2%2Fcategories&post=16903"},{"taxonomy":"post_tag","embeddable":true,"href":"https:\/\/muycritico.com.ar\/web\/index.php?rest_route=%2Fwp%2Fv2%2Ftags&post=16903"}],"curies":[{"name":"wp","href":"https:\/\/api.w.org\/{rel}","templated":true}]}}