{"id":16896,"date":"2026-09-01T17:47:01","date_gmt":"2026-09-01T20:47:01","guid":{"rendered":"https:\/\/muycritico.com.ar\/web\/?p=16896"},"modified":"2026-09-01T17:47:01","modified_gmt":"2026-09-01T20:47:01","slug":"caso-cerimedo-un-presunto-sicario-admitio-el-ataque-a-nadia-beller-pero-dijo-que-el-objetivo-era-un-argentino","status":"publish","type":"post","link":"https:\/\/muycritico.com.ar\/web\/?p=16896","title":{"rendered":"CASO CERIMEDO: UN PRESUNTO SICARIO ADMITI\u00d3 EL ATAQUE A NADIA BELLER, PERO DIJO QUE EL OBJETIVO ERA \u201cUN ARGENTINO\u201d"},"content":{"rendered":"<p><strong>Sostuvo que solo deb\u00edan darle \u201cun susto\u201d a la mujer y que la orden vino de personas que \u201ctienen bastante poder, tienen bastantes hilos pol\u00edticos\u201d.<\/strong><\/p>\n<p><!--more--><\/p>\n<p>Uno de los presuntos sicarios identificados por la Polic\u00eda boliviana por el ataque contra Nadia Beller, pareja de Fernando Cerimedo, admiti\u00f3 su participaci\u00f3n en el episodio, aunque neg\u00f3 haber disparado contra ella y sostuvo que el objetivo no era asesinarla, sino darle \u201cun susto\u201d. Al mismo tiempo, afirm\u00f3 que el verdadero blanco de la operaci\u00f3n era un \u201cargentino\u201d, al que no identific\u00f3 por su nombre.<\/p>\n<p>Un informe de LA NACION, que lleva la firma del periodista Hugo Alconada Mon, consigna que \u201cEl objetivo principal no era matar a esa se\u00f1ora\u201d, como afirm\u00f3 Aldo Silva Pe\u00f1a, conocido como \u201cJuancho\u201d, en un video que difundi\u00f3 en las \u00faltimas horas, despu\u00e9s de que la Polic\u00eda boliviana lo se\u00f1alara como uno de los presuntos implicados en el ataque contra Beller, ocurrido el 17 de agosto pasado en la vereda de un hotel de Santa Cruz de la Sierra.<\/p>\n<p>Silva Pe\u00f1a admiti\u00f3 haber participado del operativo, pero asegur\u00f3 que no fue quien dispar\u00f3 contra Beller ni quien conduc\u00eda la motocicleta. \u201cA esa mujer hab\u00eda que pegarle un susto\u201d, afirm\u00f3. Seg\u00fan su versi\u00f3n, el plan consist\u00eda en intimidarla y robarle la cartera, pero no matarla. \u201cLa intenci\u00f3n no era, despu\u00e9s que estuviera en el piso, rematarla\u201d, sostuvo. \u201cSolamente robarle la cartera, pero en ning\u00fan momento tampoco era quitarle los tel\u00e9fonos\u201d.<\/p>\n<p>El presunto sicario afirm\u00f3 adem\u00e1s que el verdadero objetivo era \u201cuna personalidad gaucha, argentina\u201d, aunque no proporcion\u00f3 su nombre. La referencia podr\u00eda apuntar a Cerimedo, pero esa interpretaci\u00f3n deber\u00e1 ser corroborada por los investigadores y contrastada con otros elementos de la causa.<\/p>\n<p><img loading=\"lazy\" decoding=\"async\" class=\"aligncenter size-full wp-image-16898\" src=\"https:\/\/muycritico.com.ar\/web\/wp-content\/uploads\/2026\/09\/CERIMEDO.jpg\" alt=\"\" width=\"656\" height=\"489\" \/><\/p>\n<p>Para Cerimedo, los dichos del sospechoso podr\u00edan conducir a los verdaderos responsables del atentado contra Beller. \u201cEl contenido de esa declaraci\u00f3n aporta elementos que, a mi entender, pueden ayudar a esclarecer de d\u00f3nde pudo haber surgido el ataque y qui\u00e9nes fueron realmente sus responsables\u201d, sostuvo Cerimedo en una carta que difundi\u00f3 desde la c\u00e1rcel.<\/p>\n<p>De nacionalidad colombiana, Silva Pe\u00f1a difundi\u00f3 el video horas despu\u00e9s de que la Polic\u00eda lo identificara por sus iniciales \u2014A. H. S. P.\u2014 y su alias, \u201cJuancho\u201d, como uno de los presuntos participantes del ataque. Los investigadores tambi\u00e9n se\u00f1alaron a otro sospechoso, E. D. J., alias \u201cDon Fiti\u201d.<\/p>\n<p>Seg\u00fan la Polic\u00eda boliviana, \u201cJuancho\u201d y \u201cDon Fiti\u201d habr\u00edan participado directamente del ataque. La pareja del primero, Paola A. V. A., y Roger A. C., se\u00f1alado como la persona que habr\u00eda aportado el arma, ya fueron detenidos y permanecen bajo prisi\u00f3n preventiva. Adem\u00e1s, los investigadores emitieron una orden de captura contra una exfuncionaria de la Aduana boliviana.<\/p>\n<p>Silva Pe\u00f1a asegur\u00f3 que decidi\u00f3 hacer p\u00fablica su versi\u00f3n porque teme que quienes lo contrataron intenten matarlo para evitar que revele lo que sabe. \u201cObviamente, las personas que me contrataron en estos momentos me quieren silenciar, me quieren matar, me quieren callar\u201d, afirm\u00f3. Y agreg\u00f3 que esas personas no quieren que hable \u201ccon la Polic\u00eda y menos con los medios de comunicaci\u00f3n\u201d.<\/p>\n<p>En su relato, Silva Pe\u00f1a mencion\u00f3 por sus sobrenombres a varias personas que, seg\u00fan afirm\u00f3, estar\u00edan involucradas en la planificaci\u00f3n del ataque. Dijo que por encima suyo hab\u00eda tres personas que \u201cfueron los que pagaron y mandaron a hacer esto\u201d. Entre ellas mencion\u00f3 a un hombre al que identific\u00f3 como \u201cTo\u00f1o\u201d, quien lo habr\u00eda contactado por tel\u00e9fono y trabajar\u00eda en la Gobernaci\u00f3n de Cochabamba.<\/p>\n<p>Tambi\u00e9n mencion\u00f3 a \u201cun tal Chino\u201d, a quien atribuy\u00f3 tareas de seguimiento e inteligencia sobre Beller. Seg\u00fan su versi\u00f3n, fue enviado en dos ocasiones a Bulo Bulo: la primera, para recibir tel\u00e9fonos e informaci\u00f3n relacionada con el caso; la segunda, para recoger dinero y recibir nuevas instrucciones.<\/p>\n<p>Aunque la Polic\u00eda lo se\u00f1ala como uno de los presuntos ejecutores del ataque, Silva Pe\u00f1a insisti\u00f3 en que no fue \u201cel autor material\u201d de los disparos ni condujo la motocicleta. Seg\u00fan dijo, su participaci\u00f3n se limit\u00f3 a aportar \u201ccierta log\u00edstica\u201d y pidi\u00f3 \u201cgarant\u00edas\u201d para una eventual entrega a las autoridades.<\/p>\n<p>De acuerdo con su relato, Silva Pe\u00f1a habr\u00eda ocupado un lugar intermedio en la estructura del ataque: por debajo suyo habr\u00eda habido cuatro personas \u2014dos colombianas y dos brasile\u00f1as\u2014, mientras que por encima se encontrar\u00edan las tres personas que, siempre seg\u00fan su versi\u00f3n, habr\u00edan pagado y ordenado la operaci\u00f3n. No las identific\u00f3, pero asegur\u00f3 que \u201ctienen bastante poder, tienen bastantes hilos pol\u00edticos\u201d.<\/p>\n<p>Cerimedo permanece detenido en la c\u00e1rcel de Palmasola, mientras sus abogados, liderados por Jos\u00e9 Ra\u00fal Vega, buscan impedir que sea trasladado al penal de m\u00e1xima seguridad de Chonchocoro, en La Paz. Aducen que se encuentra \u201ccon asistencia m\u00e9dica\u201d por \u201cpresi\u00f3n alta\u201d.<\/p>\n<p>\u201cNo pido un trato especial. No pido que nadie me crea simplemente por mis palabras. Pido que se investigue, que se respete el debido proceso y que se permita que la verdad salga a la luz\u201d, indic\u00f3 Cerimedo, desde su celda.<\/p>\n","protected":false},"excerpt":{"rendered":"<p>Sostuvo que solo deb\u00edan darle \u201cun susto\u201d a la mujer y que la orden vino de personas que \u201ctienen bastante poder, tienen bastantes hilos pol\u00edticos\u201d.<\/p>\n","protected":false},"author":2,"featured_media":16897,"comment_status":"open","ping_status":"closed","sticky":false,"template":"","format":"standard","meta":{"footnotes":""},"categories":[6],"tags":[],"class_list":["post-16896","post","type-post","status-publish","format-standard","has-post-thumbnail","hentry","category-notas"],"_links":{"self":[{"href":"https:\/\/muycritico.com.ar\/web\/index.php?rest_route=\/wp\/v2\/posts\/16896","targetHints":{"allow":["GET"]}}],"collection":[{"href":"https:\/\/muycritico.com.ar\/web\/index.php?rest_route=\/wp\/v2\/posts"}],"about":[{"href":"https:\/\/muycritico.com.ar\/web\/index.php?rest_route=\/wp\/v2\/types\/post"}],"author":[{"embeddable":true,"href":"https:\/\/muycritico.com.ar\/web\/index.php?rest_route=\/wp\/v2\/users\/2"}],"replies":[{"embeddable":true,"href":"https:\/\/muycritico.com.ar\/web\/index.php?rest_route=%2Fwp%2Fv2%2Fcomments&post=16896"}],"version-history":[{"count":1,"href":"https:\/\/muycritico.com.ar\/web\/index.php?rest_route=\/wp\/v2\/posts\/16896\/revisions"}],"predecessor-version":[{"id":16899,"href":"https:\/\/muycritico.com.ar\/web\/index.php?rest_route=\/wp\/v2\/posts\/16896\/revisions\/16899"}],"wp:featuredmedia":[{"embeddable":true,"href":"https:\/\/muycritico.com.ar\/web\/index.php?rest_route=\/wp\/v2\/media\/16897"}],"wp:attachment":[{"href":"https:\/\/muycritico.com.ar\/web\/index.php?rest_route=%2Fwp%2Fv2%2Fmedia&parent=16896"}],"wp:term":[{"taxonomy":"category","embeddable":true,"href":"https:\/\/muycritico.com.ar\/web\/index.php?rest_route=%2Fwp%2Fv2%2Fcategories&post=16896"},{"taxonomy":"post_tag","embeddable":true,"href":"https:\/\/muycritico.com.ar\/web\/index.php?rest_route=%2Fwp%2Fv2%2Ftags&post=16896"}],"curies":[{"name":"wp","href":"https:\/\/api.w.org\/{rel}","templated":true}]}}