{"id":16887,"date":"2026-09-01T12:06:32","date_gmt":"2026-09-01T15:06:32","guid":{"rendered":"https:\/\/muycritico.com.ar\/web\/?p=16887"},"modified":"2026-09-01T12:06:32","modified_gmt":"2026-09-01T15:06:32","slug":"femicidio-de-cintia-buscan-a-dos-parejas-que-habrian-presenciado-el-hecho","status":"publish","type":"post","link":"https:\/\/muycritico.com.ar\/web\/?p=16887","title":{"rendered":"FEMICIDIO DE CINTIA: BUSCAN A DOS PAREJAS QUE HABR\u00cdAN PRESENCIADO EL HECHO"},"content":{"rendered":"<p><strong>La causa tramita en la Fiscal\u00eda Penal 1 de Met\u00e1n, a cargo del interino Dr. Nicol\u00e1s Rodr\u00edguez L\u00f3pez, quien inform\u00f3 que, en el marco de la investigaci\u00f3n por el homicidio cu\u00e1druplemente agravado se recibieron nuevas declaraciones testimoniales.<\/strong><\/p>\n<p><!--more--><\/p>\n<p>Una persona del c\u00edrculo \u00edntimo de la v\u00edctima declar\u00f3 sobre lo ocurrido durante la noche del viernes 21 de agosto y aport\u00f3 informaci\u00f3n vinculada con la relaci\u00f3n que manten\u00eda la joven con el acusado.<\/p>\n<p>Tambi\u00e9n prest\u00f3 declaraci\u00f3n una persona que habr\u00eda presenciado parcialmente la agresi\u00f3n sufrida por la v\u00edctima. Durante su testimonio se\u00f1al\u00f3 que en el lugar se encontraban al menos dos parejas que se movilizaban en motocicletas.<\/p>\n<p>A partir de esta informaci\u00f3n, el fiscal Rodr\u00edguez L\u00f3pez encomend\u00f3 a los investigadores la individualizaci\u00f3n y localizaci\u00f3n de estas personas, con el objetivo de determinar si presenciaron lo sucedido y obtener sus testimonios.<\/p>\n<p>Asimismo, solicit\u00f3 que quienes puedan aportar datos ciertos relacionados con el hecho se presenten en la sede de la Fiscal\u00eda Penal 1 de Met\u00e1n para colaborar con la investigaci\u00f3n.<\/p>\n<p>Por el hecho se encuentra imputado y detenido un hombre de 26 a\u00f1os como presunto autor del delito de homicidio cu\u00e1druplemente agravado. La Fiscal\u00eda solicit\u00f3 que permanezca privado de su libertad con prisi\u00f3n preventiva.<\/p>\n","protected":false},"excerpt":{"rendered":"<p>La causa tramita en la Fiscal\u00eda Penal 1 de Met\u00e1n, a cargo del interino Dr. Nicol\u00e1s Rodr\u00edguez L\u00f3pez, quien inform\u00f3 que, en el marco de la investigaci\u00f3n por el homicidio cu\u00e1druplemente agravado se recibieron nuevas declaraciones testimoniales.<\/p>\n","protected":false},"author":2,"featured_media":16888,"comment_status":"open","ping_status":"closed","sticky":false,"template":"","format":"standard","meta":{"footnotes":""},"categories":[6],"tags":[],"class_list":["post-16887","post","type-post","status-publish","format-standard","has-post-thumbnail","hentry","category-notas"],"_links":{"self":[{"href":"https:\/\/muycritico.com.ar\/web\/index.php?rest_route=\/wp\/v2\/posts\/16887","targetHints":{"allow":["GET"]}}],"collection":[{"href":"https:\/\/muycritico.com.ar\/web\/index.php?rest_route=\/wp\/v2\/posts"}],"about":[{"href":"https:\/\/muycritico.com.ar\/web\/index.php?rest_route=\/wp\/v2\/types\/post"}],"author":[{"embeddable":true,"href":"https:\/\/muycritico.com.ar\/web\/index.php?rest_route=\/wp\/v2\/users\/2"}],"replies":[{"embeddable":true,"href":"https:\/\/muycritico.com.ar\/web\/index.php?rest_route=%2Fwp%2Fv2%2Fcomments&post=16887"}],"version-history":[{"count":1,"href":"https:\/\/muycritico.com.ar\/web\/index.php?rest_route=\/wp\/v2\/posts\/16887\/revisions"}],"predecessor-version":[{"id":16889,"href":"https:\/\/muycritico.com.ar\/web\/index.php?rest_route=\/wp\/v2\/posts\/16887\/revisions\/16889"}],"wp:featuredmedia":[{"embeddable":true,"href":"https:\/\/muycritico.com.ar\/web\/index.php?rest_route=\/wp\/v2\/media\/16888"}],"wp:attachment":[{"href":"https:\/\/muycritico.com.ar\/web\/index.php?rest_route=%2Fwp%2Fv2%2Fmedia&parent=16887"}],"wp:term":[{"taxonomy":"category","embeddable":true,"href":"https:\/\/muycritico.com.ar\/web\/index.php?rest_route=%2Fwp%2Fv2%2Fcategories&post=16887"},{"taxonomy":"post_tag","embeddable":true,"href":"https:\/\/muycritico.com.ar\/web\/index.php?rest_route=%2Fwp%2Fv2%2Ftags&post=16887"}],"curies":[{"name":"wp","href":"https:\/\/api.w.org\/{rel}","templated":true}]}}