{"id":16883,"date":"2026-08-31T17:38:20","date_gmt":"2026-08-31T20:38:20","guid":{"rendered":"https:\/\/muycritico.com.ar\/web\/?p=16883"},"modified":"2026-08-31T17:38:20","modified_gmt":"2026-08-31T20:38:20","slug":"saenz-acompano-al-pueblo-de-oran-en-los-festejos-por-los-232-anos-de-su-fundacion-y-fiestas-patronales","status":"publish","type":"post","link":"https:\/\/muycritico.com.ar\/web\/?p=16883","title":{"rendered":"S\u00c1ENZ ACOMPA\u00d1\u00d3 AL PUEBLO DE OR\u00c1N EN LOS FESTEJOS POR LOS 232 A\u00d1OS DE SU FUNDACI\u00d3N Y FIESTAS PATRONALES"},"content":{"rendered":"<p><strong>El Gobernador estuvo presente en las celebraciones populares por un nuevo aniversario de la ciudad y el d\u00eda de su Santo Patrono San Ram\u00f3n Nonato. Resalt\u00f3 el valor de nuestras tradiciones y las ra\u00edces culturales de nuestra tierra.<\/strong><\/p>\n<p><!--more--><\/p>\n<p>El gobernador Gustavo S\u00e1enz comparti\u00f3 con miles de vecinos de San Ram\u00f3n de la Nueva Or\u00e1n, un nuevo cumplea\u00f1os de la ciudad que celebra los 232 a\u00f1os de su fundaci\u00f3n y el d\u00eda de su Santo Patrono San Ram\u00f3n Nonato.<\/p>\n<p>Como es tradici\u00f3n en la v\u00edspera del aniversario, durante la medianoche el mandatario provincial, junto al intendente local Baltasar Lara Gros, se uni\u00f3 al Feliz Cumplea\u00f1os en una emotiva convocatoria popular que reuni\u00f3 a m\u00e1s de 800 mil oranenses en la plaza General San Mart\u00edn.<\/p>\n<p>En el marco de las actividades organizadas por el municipio, el festejo integr\u00f3 una variada propuesta religiosa, cultural, art\u00edstica y gastron\u00f3mica durante el mes de agosto.<\/p>\n<p>Al expresar su alegr\u00eda por estar una vez m\u00e1s en Or\u00e1n para celebrar su aniversario, el Gobernador destac\u00f3 el valor de nuestras tradiciones y las ra\u00edces culturales de nuestra tierra.<\/p>\n<p><img loading=\"lazy\" decoding=\"async\" class=\"aligncenter size-full wp-image-16885\" src=\"https:\/\/muycritico.com.ar\/web\/wp-content\/uploads\/2026\/08\/ORAN2.jpg\" alt=\"\" width=\"1055\" height=\"585\" srcset=\"https:\/\/muycritico.com.ar\/web\/wp-content\/uploads\/2026\/08\/ORAN2.jpg 1055w, https:\/\/muycritico.com.ar\/web\/wp-content\/uploads\/2026\/08\/ORAN2-768x426.jpg 768w\" sizes=\"auto, (max-width: 1055px) 100vw, 1055px\" \/><\/p>\n<p>Posteriormente, el mandatario acompa\u00f1ado por las otras autoridades, se traslad\u00f3 al Complejo Municipal de Deportes donde se desarroll\u00f3 una nueva edici\u00f3n del Festival Or\u00e1n, que cont\u00f3 con una importante grilla de artistas.<\/p>\n<p>Subieron al escenario Las Voces de Or\u00e1n, L\u00e1zaro Caballero, Los Kjarkas, entre otros.<\/p>\n<p>El programa de actividades culminar\u00e1 hoy con los actos centrales en la plaza Pizarro, que contemplan el izamiento de las banderas nacional y provincial, el posterior Solemne Tedeum en la Iglesia Catedral y el desfile c\u00edvico-militar adem\u00e1s de la tradicional procesi\u00f3n con las sagradas im\u00e1genes de San Ram\u00f3n Nonato.<\/p>\n","protected":false},"excerpt":{"rendered":"<p>El Gobernador estuvo presente en las celebraciones populares por un nuevo aniversario de la ciudad y el d\u00eda de su Santo Patrono San Ram\u00f3n Nonato. Resalt\u00f3 el valor de nuestras tradiciones y las ra\u00edces culturales de nuestra tierra.<\/p>\n","protected":false},"author":2,"featured_media":16884,"comment_status":"open","ping_status":"closed","sticky":false,"template":"","format":"standard","meta":{"footnotes":""},"categories":[6],"tags":[],"class_list":["post-16883","post","type-post","status-publish","format-standard","has-post-thumbnail","hentry","category-notas"],"_links":{"self":[{"href":"https:\/\/muycritico.com.ar\/web\/index.php?rest_route=\/wp\/v2\/posts\/16883","targetHints":{"allow":["GET"]}}],"collection":[{"href":"https:\/\/muycritico.com.ar\/web\/index.php?rest_route=\/wp\/v2\/posts"}],"about":[{"href":"https:\/\/muycritico.com.ar\/web\/index.php?rest_route=\/wp\/v2\/types\/post"}],"author":[{"embeddable":true,"href":"https:\/\/muycritico.com.ar\/web\/index.php?rest_route=\/wp\/v2\/users\/2"}],"replies":[{"embeddable":true,"href":"https:\/\/muycritico.com.ar\/web\/index.php?rest_route=%2Fwp%2Fv2%2Fcomments&post=16883"}],"version-history":[{"count":1,"href":"https:\/\/muycritico.com.ar\/web\/index.php?rest_route=\/wp\/v2\/posts\/16883\/revisions"}],"predecessor-version":[{"id":16886,"href":"https:\/\/muycritico.com.ar\/web\/index.php?rest_route=\/wp\/v2\/posts\/16883\/revisions\/16886"}],"wp:featuredmedia":[{"embeddable":true,"href":"https:\/\/muycritico.com.ar\/web\/index.php?rest_route=\/wp\/v2\/media\/16884"}],"wp:attachment":[{"href":"https:\/\/muycritico.com.ar\/web\/index.php?rest_route=%2Fwp%2Fv2%2Fmedia&parent=16883"}],"wp:term":[{"taxonomy":"category","embeddable":true,"href":"https:\/\/muycritico.com.ar\/web\/index.php?rest_route=%2Fwp%2Fv2%2Fcategories&post=16883"},{"taxonomy":"post_tag","embeddable":true,"href":"https:\/\/muycritico.com.ar\/web\/index.php?rest_route=%2Fwp%2Fv2%2Ftags&post=16883"}],"curies":[{"name":"wp","href":"https:\/\/api.w.org\/{rel}","templated":true}]}}