{"id":16877,"date":"2026-08-31T16:23:12","date_gmt":"2026-08-31T19:23:12","guid":{"rendered":"https:\/\/muycritico.com.ar\/web\/?p=16877"},"modified":"2026-08-31T17:18:04","modified_gmt":"2026-08-31T20:18:04","slug":"realidad-cutre-hablemos-sin-saber-o-cuando-cualquiera-dice-cualquier-cosa","status":"publish","type":"post","link":"https:\/\/muycritico.com.ar\/web\/?p=16877","title":{"rendered":"REALIDAD CUTRE: HABLEMOS SIN SABER O CUANDO CUALQUIERA DICE CUALQUIER COSA"},"content":{"rendered":"<p><strong>La crisis de la falta de credibilidad en una sociedad atravesada por los preconceptos y la ignorancia como estandarte suele devolver resultados nefastos. A la falta de confiabilidad de la clase pol\u00edtica se le suman los justicieros de pacotilla de las redes sociales que apenas pueden distinguir una escala penal de un principio de inocencia y si apenas conocen la Constituci\u00f3n argentina, pero acusan y se las juegan de jueces y verdugos. Hasta eso una manada de brutos se adue\u00f1\u00f3 de la realidad y la convirtieron en un chiquero atiborrado de soberbia<\/strong><\/p>\n<p><!--more--><\/p>\n<p>Cuando Steve Jobs llam\u00f3 a uno de sus ingenieros y le propuso trasladar un scroll indefinido desde un Tablet al iPhone en 2007, jam\u00e1s estuvo en su \u00e1nimo convertir ese dispositivo en un malicioso instrumento del terror. Ergo, no era su idea pero lamentablemente los planes no siempre terminan resultando seg\u00fan lo calculado.<\/p>\n<p>Su tel\u00e9fono se convirti\u00f3 en el producto m\u00e1s vendido de la historia y su \u00e9xito fue instant\u00e1neo, cambi\u00f3 al mundo pero a un precio muy alto ya que su creaci\u00f3n \u201cle dio la potestad de un premio Nobel a todo aquel ignorante que antes era r\u00e1pidamente silenciado en un bar despu\u00e9s de un vaso de vino\u201d, tal como explic\u00f3 el genial <strong>Umberto Eco<\/strong> solo 10 a\u00f1os despu\u00e9s, cuando la pandemia de brutos ya era inevitable.<\/p>\n<p>Lamentablemente esta tecnolog\u00eda cuando es mal utilizada le da poder a quienes no deber\u00eda darles, es decir a la masa de ignorantes y soberbios que ven en esta era de avanzada como un dispositivo es literalmente un arma con la que se puede extorsionar a alguien hasta matarlo, entre otras delicias del horror al que estamos expuestos y no lo dimensionamos.<\/p>\n<p>Aun peor en ese nivel de locura son las ejecuciones p\u00fablicas en redes sociales, incluso suena parad\u00f3jico que Facebook le llame \u201cmuro\u201d a la caja de dialogo donde escribir lo que antes a nadie le importaba.<\/p>\n<p>Quiz\u00e1s la idea que si result\u00f3 fue la de su famosa \u201ci\u201d adelante al cual encierra el concepto de que el \u201cindividuo\u201d es su propia empresa y no necesita de otros para ejecutar su actividad en esa nueva aldea llamada Internet. Pero lamentablemente no todos lo aplicaron ni lo vieron as\u00ed.<\/p>\n<p><strong>El imperio de la insignificancia: cuando las redes sociales lic\u00faan el pensamiento cr\u00edtico<\/strong><\/p>\n<p>Nunca tuvimos tanto acceso a la informaci\u00f3n pero nunca nos cost\u00f3 tanto pensar con profundidad. El entorno digital est\u00e1 dise\u00f1ado para secuestrar nuestra atenci\u00f3n y disolver la densidad del pensamiento.<\/p>\n<p>La econom\u00eda de la atenci\u00f3n convierte el pensar en un acto de consumo. Cada interacci\u00f3n (scroll, like, clic) entrena a un algoritmo. El pensamiento cr\u00edtico exige pausa, duda y contradicci\u00f3n, pero la red premia la velocidad, la certeza y la polarizaci\u00f3n. Las ideas complejas no compiten contra otras ideas, compiten contra un meme, un tuit o un v\u00eddeo de 15 segundos. El formato liquida el contenido.<\/p>\n<p>La sobrecarga cognitiva anula la jerarqu\u00eda de importancia. Antes, el filtro era editorial (diarios y \u00a0libros). Hoy, todo est\u00e1 al mismo nivel: un bulo, un dato cient\u00edfico y una opini\u00f3n an\u00f3nima. Al no poder verificar todo, nuestro cerebro toma atajos: creemos lo que confirma nuestras emociones (sesgo de confirmaci\u00f3n) y delegamos el criterio en los &#8220;influencers&#8221;, que no son expertos, sino generadores de confianza artificial.<\/p>\n<p><strong>La c\u00e1mara de eco y el &#8220;outsourcing&#8221; de la memoria <\/strong><\/p>\n<p>Algoritmos nos muestran lo que ya nos gusta, eliminando la fricci\u00f3n necesaria para aprender. Adem\u00e1s, como sabemos que podemos &#8220;buscar despu\u00e9s&#8221;, externalizamos la memoria y la comprensi\u00f3n profunda. Sabemos d\u00f3nde est\u00e1 la respuesta, pero no la entendemos. Esto crea la ilusi\u00f3n de sabidur\u00eda: confundimos manejar informaci\u00f3n con tener criterio propio.<\/p>\n<p>El imperio de la insignificancia en aquello de lo &#8220;significativo&#8221; (guerras, crisis, datos duros) se vuelve ruido porque el formato lo trivializa. Lo &#8220;insignificante&#8221; (tendencias, pol\u00e9micas ef\u00edmeras) ocupa el centro. El resultado es una ciudadan\u00eda informada en cantidad, pero despolitizada en esencia: reaccionamos con indignaci\u00f3n o euforia, pero somos incapaces de articular un an\u00e1lisis causal o propositivo.<\/p>\n<p><strong>La crueldad que ya conoc\u00edamos<\/strong><\/p>\n<p>Todo lo que estamos viviendo no es nuevo, no es parte de esta modernidad enfermiza, ya lo conocemos desde hace siglos. De hecho la Inteligencia artificial nace en los a\u00f1os de la d\u00e9cada de 1950; el entorno grafico de usuario nace a principio de los a\u00f1os de 1970; incluso el correo electr\u00f3nico ya funcionaba en esa d\u00e9cada. En cuanto a las ejecuciones p\u00fablicas, las cazas de brujas y las persecuciones ideol\u00f3gicas sin juicio previo son todos conceptos de la Edad media.<\/p>\n<p>\u201cSolo hemos industrializado la envidia\u201d, como dice el Dr. en Neurolog\u00eda, <strong>Facundo Manes<\/strong> en una entrevista televisiva, cuando refiere a su nuevo libro en el que critica estas nuevas pr\u00e1cticas que parecen haber hecho retroceder siglos al ser humano en su mezquindad y crueldad.<\/p>\n<p>M\u00e1s all\u00e1 del buen uso que se le debiera dar a estas nuevas tecnolog\u00edas, la problem\u00e1tica arranca desde el momento en que hasta la m\u00e1s m\u00ednima noci\u00f3n de tecnolog\u00eda e inform\u00e1tica es absolutamente ignorada por los mismos usuarios de estos productos que a la postre son armas mortales.<\/p>\n<p>Un comprador de una pistola Glock calibre 40 sabe perfectamente como funciona y el da\u00f1o que puede hacerle a terceros; el comprador de un tel\u00e9fono celular no tienen la m\u00e1s m\u00ednima idea de que la IA corre mejor en tarjetas gr\u00e1ficas y por ello es el descomunal salto de tener entre las manos el mundo, sin el \u00e1nimo de ponerle una met\u00e1fora a la idea sino de plantearla sin concesiones ni eufemismos.<\/p>\n<p>Dicen que las especies que sobreviven no son las m\u00e1s fuertes ni las m\u00e1s inteligentes, sino las que mejor se adaptan \u00bfpero c\u00f3mo adaptarse a esto? donde los ignorantes y soberbios son los amos y se\u00f1ores de una sociedad atravesada por la estupidez, el narcisismo y la ignorancia.<\/p>\n<p>Habr\u00e1 que sentarse a ver como el idiota que grita m\u00e1s fuerte tiene la raz\u00f3n y el m\u00e1s inteligente queda relegado a un lugar donde es imposible encontrar la verdad.<\/p>\n<p><em>La ilustraci\u00f3n de este articulo corresponde a la revista Jara y Sedal<\/em><\/p>\n","protected":false},"excerpt":{"rendered":"<p>La crisis de la falta de credibilidad en una sociedad atravesada por los preconceptos y la ignorancia como estandarte suele devolver resultados nefastos. A la falta de confiabilidad de la clase pol\u00edtica se le suman los justicieros de pacotilla de las redes sociales que apenas pueden distinguir una escala penal de un principio de inocencia [&hellip;]<\/p>\n","protected":false},"author":2,"featured_media":16878,"comment_status":"open","ping_status":"closed","sticky":false,"template":"","format":"standard","meta":{"footnotes":""},"categories":[3],"tags":[],"class_list":["post-16877","post","type-post","status-publish","format-standard","has-post-thumbnail","hentry","category-editorial"],"_links":{"self":[{"href":"https:\/\/muycritico.com.ar\/web\/index.php?rest_route=\/wp\/v2\/posts\/16877","targetHints":{"allow":["GET"]}}],"collection":[{"href":"https:\/\/muycritico.com.ar\/web\/index.php?rest_route=\/wp\/v2\/posts"}],"about":[{"href":"https:\/\/muycritico.com.ar\/web\/index.php?rest_route=\/wp\/v2\/types\/post"}],"author":[{"embeddable":true,"href":"https:\/\/muycritico.com.ar\/web\/index.php?rest_route=\/wp\/v2\/users\/2"}],"replies":[{"embeddable":true,"href":"https:\/\/muycritico.com.ar\/web\/index.php?rest_route=%2Fwp%2Fv2%2Fcomments&post=16877"}],"version-history":[{"count":4,"href":"https:\/\/muycritico.com.ar\/web\/index.php?rest_route=\/wp\/v2\/posts\/16877\/revisions"}],"predecessor-version":[{"id":16882,"href":"https:\/\/muycritico.com.ar\/web\/index.php?rest_route=\/wp\/v2\/posts\/16877\/revisions\/16882"}],"wp:featuredmedia":[{"embeddable":true,"href":"https:\/\/muycritico.com.ar\/web\/index.php?rest_route=\/wp\/v2\/media\/16878"}],"wp:attachment":[{"href":"https:\/\/muycritico.com.ar\/web\/index.php?rest_route=%2Fwp%2Fv2%2Fmedia&parent=16877"}],"wp:term":[{"taxonomy":"category","embeddable":true,"href":"https:\/\/muycritico.com.ar\/web\/index.php?rest_route=%2Fwp%2Fv2%2Fcategories&post=16877"},{"taxonomy":"post_tag","embeddable":true,"href":"https:\/\/muycritico.com.ar\/web\/index.php?rest_route=%2Fwp%2Fv2%2Ftags&post=16877"}],"curies":[{"name":"wp","href":"https:\/\/api.w.org\/{rel}","templated":true}]}}