{"id":16874,"date":"2026-08-31T13:45:47","date_gmt":"2026-08-31T16:45:47","guid":{"rendered":"https:\/\/muycritico.com.ar\/web\/?p=16874"},"modified":"2026-08-31T13:45:47","modified_gmt":"2026-08-31T16:45:47","slug":"la-denuncia-de-estela-mendez-contra-pablo-lopez-derecho-al-archivo","status":"publish","type":"post","link":"https:\/\/muycritico.com.ar\/web\/?p=16874","title":{"rendered":"LA DENUNCIA DE ESTELA M\u00c9NDEZ CONTRA PABLO L\u00d3PEZ: \u00bfDERECHO AL ARCHIVO?"},"content":{"rendered":"<p><strong>Aunque la denunciante declare en entrevistas period\u00edsticas que \u201cla causa sigue abierta\u201d, el sainete que tuvo de protagonista al concejal libertario y a su novia, con audios escatol\u00f3gicos y acusaciones escandalosas, al parecer al \u00fanico destino que van a llegar es al archivado de la causa. Para peor algunos de los hechos denunciados se habr\u00edan producido en Misiones y Brasil, cuesti\u00f3n que burocratiza a\u00fan m\u00e1s el tramite<\/strong><\/p>\n<p><!--more--><\/p>\n<p>Mientras al porte\u00f1o Madile vacacionaba a lo grande en alg\u00fan destino paradisiaco, en la sinton\u00eda de Cadena Infinito se escuchaba con un viejo hit exitoso que no para de repetirse en las emisoras, los pedidos de sexo oral por parte de Pablo L\u00f3pez a su pareja de entonces, la se\u00f1orita Estela M\u00e9ndez.<\/p>\n<p>Lo que vino despu\u00e9s fue un dec\u00e1logo de tr\u00e1mites mal hechos, malas decisiones y por supuesto desde la figura del presidente de ese cuerpo deliberativo, hasta el \u00faltimo funcionario que all\u00ed anida y cobra su suculento sueldo, no hubo una sola decisi\u00f3n que deje afuera del juego al inefable Pablo L\u00f3pez.<\/p>\n<p>As\u00ed las cosas tenemos en el Concejo capitalino a un sujeto denunciado por violencia de g\u00e9nero y una tracalada m\u00e1s de abusos de toda clase contra una mujer, y ni uno solo de sus pares, ni Madile en persona, pudieron evitar que siga siendo concejal. Obvio que lo echaron de LLA pero ni se preocup\u00f3 ya que se hizo un monobloque, desde el cual sigue siendo concejal.<\/p>\n<p>Por su parte M\u00e9ndez dijo en ARIES que la investigaci\u00f3n contin\u00faa respecto a la causa vinculada con presuntos delitos contra la integridad sexual en Salta. En cambio, sostuvo que aquellos episodios que, seg\u00fan su presentaci\u00f3n, habr\u00edan ocurrido en Misiones y Brasil no pueden ser investigados por la Justicia salte\u00f1a y deber\u00e1n tramitarse en las jurisdicciones correspondientes.<\/p>\n<p>M\u00e9ndez se\u00f1al\u00f3 adem\u00e1s que los tel\u00e9fonos secuestrados contin\u00faan bajo resguardo judicial y que sus abogados impulsar\u00e1n las actuaciones vinculadas con los hechos denunciados fuera de la provincia.<\/p>\n<p>Como antecedente, el expediente se inici\u00f3 en julio de 2025 a partir de una denuncia presentada por M\u00e9ndez contra L\u00f3pez por hechos que, seg\u00fan sostuvo, habr\u00edan ocurrido entre 2019 y 2025 en el marco de una relaci\u00f3n personal y laboral.<\/p>\n<p>La presentaci\u00f3n incluy\u00f3 acusaciones por violencia f\u00edsica, psicol\u00f3gica, econ\u00f3mica y sexual. El caso tom\u00f3 mayor repercusi\u00f3n tras la difusi\u00f3n de audios atribuidos al entonces dirigente de La Libertad Avanza, en los que presuntamente condicionaba la devoluci\u00f3n de parte del salario de la denunciante a favores sexuales. L\u00f3pez neg\u00f3 las acusaciones y tambi\u00e9n desconoci\u00f3 la autenticidad de las grabaciones.<\/p>\n<p>En el tramo pol\u00edtico de la entrevista, afirm\u00f3 que contin\u00faa afiliada a La Libertad Avanza, aunque asegur\u00f3 estar apartada de la estructura partidaria en Salta. Dijo mantener v\u00ednculos con dirigentes nacionales, pero descart\u00f3 militar actualmente para el espacio provincial y volvi\u00f3 a cuestionar a la senadora Emilia Orozco por su alejamiento.<\/p>\n","protected":false},"excerpt":{"rendered":"<p>Aunque la denunciante declare en entrevistas period\u00edsticas que \u201cla causa sigue abierta\u201d, el sainete que tuvo de protagonista al concejal libertario y a su novia, con audios escatol\u00f3gicos y acusaciones escandalosas, al parecer al \u00fanico destino que van a llegar es al archivado de la causa. Para peor algunos de los hechos denunciados se habr\u00edan [&hellip;]<\/p>\n","protected":false},"author":2,"featured_media":16875,"comment_status":"open","ping_status":"closed","sticky":false,"template":"","format":"standard","meta":{"footnotes":""},"categories":[6],"tags":[411,1187,784],"class_list":["post-16874","post","type-post","status-publish","format-standard","has-post-thumbnail","hentry","category-notas","tag-dario-madile","tag-estela-mendez","tag-pablo-lopez"],"_links":{"self":[{"href":"https:\/\/muycritico.com.ar\/web\/index.php?rest_route=\/wp\/v2\/posts\/16874","targetHints":{"allow":["GET"]}}],"collection":[{"href":"https:\/\/muycritico.com.ar\/web\/index.php?rest_route=\/wp\/v2\/posts"}],"about":[{"href":"https:\/\/muycritico.com.ar\/web\/index.php?rest_route=\/wp\/v2\/types\/post"}],"author":[{"embeddable":true,"href":"https:\/\/muycritico.com.ar\/web\/index.php?rest_route=\/wp\/v2\/users\/2"}],"replies":[{"embeddable":true,"href":"https:\/\/muycritico.com.ar\/web\/index.php?rest_route=%2Fwp%2Fv2%2Fcomments&post=16874"}],"version-history":[{"count":1,"href":"https:\/\/muycritico.com.ar\/web\/index.php?rest_route=\/wp\/v2\/posts\/16874\/revisions"}],"predecessor-version":[{"id":16876,"href":"https:\/\/muycritico.com.ar\/web\/index.php?rest_route=\/wp\/v2\/posts\/16874\/revisions\/16876"}],"wp:featuredmedia":[{"embeddable":true,"href":"https:\/\/muycritico.com.ar\/web\/index.php?rest_route=\/wp\/v2\/media\/16875"}],"wp:attachment":[{"href":"https:\/\/muycritico.com.ar\/web\/index.php?rest_route=%2Fwp%2Fv2%2Fmedia&parent=16874"}],"wp:term":[{"taxonomy":"category","embeddable":true,"href":"https:\/\/muycritico.com.ar\/web\/index.php?rest_route=%2Fwp%2Fv2%2Fcategories&post=16874"},{"taxonomy":"post_tag","embeddable":true,"href":"https:\/\/muycritico.com.ar\/web\/index.php?rest_route=%2Fwp%2Fv2%2Ftags&post=16874"}],"curies":[{"name":"wp","href":"https:\/\/api.w.org\/{rel}","templated":true}]}}