{"id":1489,"date":"2024-04-14T11:30:11","date_gmt":"2024-04-14T14:30:11","guid":{"rendered":"https:\/\/muycritico.com.ar\/web\/?p=1489"},"modified":"2026-01-18T19:25:28","modified_gmt":"2026-01-18T22:25:28","slug":"la-municipalidad-continua-saneando-baldios-en-mal-estado","status":"publish","type":"post","link":"https:\/\/muycritico.com.ar\/web\/?p=1489","title":{"rendered":"LA MUNICIPALIDAD CONTIN\u00daA SANEANDO BALD\u00cdOS EN MAL ESTADO"},"content":{"rendered":"<p><strong>El operativo se realiz\u00f3 en el barrio Estaci\u00f3n Alvarado como lo establece la Ordenanza Ad Refer\u00e9ndum N\u00b0 16.198. El costo ser\u00e1 imputado al propietario del predio en cuesti\u00f3n.<\/strong><\/p>\n<p><!--more--><\/p>\n<p>A modo paliativo y por cuestiones de seguridad y salud, la Municipalidad avanza con los operativos de saneamiento de terrenos bald\u00edos en mal estado. Con la presencia del intendente, Emiliano Durand, hoy se realizaron estas tareas en el barrio Estaci\u00f3n Alvarado, ubicado en zona sur de la ciudad.<\/p>\n<p>La Ordenanza Ad Refer\u00e9ndum N\u00b0 16.198 establece que, ante la falta de limpieza y acondicionamiento de terrenos bald\u00edos el Ejecutivo municipal proceder\u00e1 al desmalezado general y limpieza del lugar con cargo a los responsables o propietarios de los mismos.<\/p>\n<p>\u201cEn esta ocasi\u00f3n hubo denuncias de vecinos del barrio Estaci\u00f3n Alvarado y por ello se notific\u00f3 al propietario para que en un plazo de 48 hs limpie su terreno, al no hacerlo hemos procedido desde la Municipalidad a sanear el predio\u201d, explic\u00f3 el subsecretario de Servicios P\u00fablicos, Ariel Gutierrez, quien destac\u00f3 que \u201cel costo del operativo ser\u00e1 imputado al due\u00f1o del terreno\u201d.<\/p>\n<p><iframe loading=\"lazy\" title=\"La Municipalidad contin\u00faa saneando bald\u00edos en mal estado\" width=\"696\" height=\"392\" src=\"https:\/\/www.youtube.com\/embed\/GOqctwxie60?feature=oembed\" frameborder=\"0\" allow=\"accelerometer; autoplay; clipboard-write; encrypted-media; gyroscope; picture-in-picture; web-share\" referrerpolicy=\"strict-origin-when-cross-origin\" allowfullscreen><\/iframe><\/p>\n<p>Fernando Guti\u00e9rrez, vive al lado del bald\u00edo saneado y expres\u00f3 su agradecimiento \u201cpor la limpieza, principalmente para nuestros hijos y la propia gente que vive en la zona ya que este terreno favorec\u00eda la proliferaci\u00f3n de mosquitos y ara\u00f1as; adem\u00e1s de que los delincuentes pueden llegar a utilizarlos para esconderse o ingresar a otras viviendas\u201d.<\/p>\n<p>Es importante destacar que, vencido el plazo para que el due\u00f1o del terreno bald\u00edo en mal estado abone la deuda, se efectuar\u00e1 el cobro v\u00eda judicial, revistiendo car\u00e1cter de t\u00edtulo ejecutivo a favor del municipio en los t\u00e9rminos del art\u00edculo N\u00b0 533 del C\u00f3digo Procesal Civil y Comercial de la provincia de Salta.<\/p>\n<p>Desde el Ejecutivo municipal se destaca la necesidad de contar con el apoyo de la comunidad para generar acciones positivas y concretas en beneficio de la salud p\u00fablica y seguridad de los vecinos.<\/p>\n<p>Recientemente se realizaron similares acciones en un terreno bald\u00edo en mal estado ubicado en Los Pinos y Geranios del barrio Tres Cerritos.<\/p>\n","protected":false},"excerpt":{"rendered":"<p>El operativo se realiz\u00f3 en el barrio Estaci\u00f3n Alvarado como lo establece la Ordenanza Ad Refer\u00e9ndum N\u00b0 16.198. El costo ser\u00e1 imputado al propietario del predio en cuesti\u00f3n.<\/p>\n","protected":false},"author":2,"featured_media":1490,"comment_status":"open","ping_status":"closed","sticky":false,"template":"","format":"standard","meta":{"footnotes":""},"categories":[6],"tags":[257,258,872],"class_list":["post-1489","post","type-post","status-publish","format-standard","has-post-thumbnail","hentry","category-notas","tag-saneando-baldios","tag-terrenos-baldio","tag-victor-sacca"],"_links":{"self":[{"href":"https:\/\/muycritico.com.ar\/web\/index.php?rest_route=\/wp\/v2\/posts\/1489","targetHints":{"allow":["GET"]}}],"collection":[{"href":"https:\/\/muycritico.com.ar\/web\/index.php?rest_route=\/wp\/v2\/posts"}],"about":[{"href":"https:\/\/muycritico.com.ar\/web\/index.php?rest_route=\/wp\/v2\/types\/post"}],"author":[{"embeddable":true,"href":"https:\/\/muycritico.com.ar\/web\/index.php?rest_route=\/wp\/v2\/users\/2"}],"replies":[{"embeddable":true,"href":"https:\/\/muycritico.com.ar\/web\/index.php?rest_route=%2Fwp%2Fv2%2Fcomments&post=1489"}],"version-history":[{"count":1,"href":"https:\/\/muycritico.com.ar\/web\/index.php?rest_route=\/wp\/v2\/posts\/1489\/revisions"}],"predecessor-version":[{"id":1491,"href":"https:\/\/muycritico.com.ar\/web\/index.php?rest_route=\/wp\/v2\/posts\/1489\/revisions\/1491"}],"wp:featuredmedia":[{"embeddable":true,"href":"https:\/\/muycritico.com.ar\/web\/index.php?rest_route=\/wp\/v2\/media\/1490"}],"wp:attachment":[{"href":"https:\/\/muycritico.com.ar\/web\/index.php?rest_route=%2Fwp%2Fv2%2Fmedia&parent=1489"}],"wp:term":[{"taxonomy":"category","embeddable":true,"href":"https:\/\/muycritico.com.ar\/web\/index.php?rest_route=%2Fwp%2Fv2%2Fcategories&post=1489"},{"taxonomy":"post_tag","embeddable":true,"href":"https:\/\/muycritico.com.ar\/web\/index.php?rest_route=%2Fwp%2Fv2%2Ftags&post=1489"}],"curies":[{"name":"wp","href":"https:\/\/api.w.org\/{rel}","templated":true}]}}