{"id":1482,"date":"2024-04-12T10:56:56","date_gmt":"2024-04-12T13:56:56","guid":{"rendered":"https:\/\/muycritico.com.ar\/web\/?p=1482"},"modified":"2026-01-18T19:25:29","modified_gmt":"2026-01-18T22:25:29","slug":"el-tribuno-echa-a-27-trabajadores-de-prensa-y-les-ofrece-pagarles-la-mitad-de-la-indemnizacion","status":"publish","type":"post","link":"https:\/\/muycritico.com.ar\/web\/?p=1482","title":{"rendered":"EL TRIBUNO ECHA A 27 TRABAJADORES DE PRENSA Y LES OFRECE PAGARLES LA MITAD DE LA INDEMNIZACI\u00d3N"},"content":{"rendered":"<p><strong>\u201cEsto comenz\u00f3 el viernes cuando internamente colocaron carteler\u00eda en el diario invitando a los trabajadores al retiro voluntario\u201d, dijo en El Acople, el secretario del Sindicato de Prensa, Fernando D\u00edaz, quien asegur\u00f3 que desde el Grupo Horizonte se atribuyen que la crisis econ\u00f3mica lleva a los despidos de trabajadores de prensa. Para D\u00edas los motivos son claramente pol\u00edticos y culp\u00f3 directamente al due\u00f1o del medio<\/strong><\/p>\n<p><!--more--><\/p>\n<p>No es la primera vez que la familia Romero ofrece a empleados de medios desvencijados pagarles la mitad de lo que les debe. Sucedi\u00f3 en 2015 con el desaparecido <strong>Canal 6 o Cadena 1<\/strong>, cuando quien escribe esta nota pas\u00f3 a formar parte de la n\u00f3mina de despedidos sin causa. En ese momento no hubo sindicato de prensa que defendiera a nadie y toda la planta de ese canal de televisi\u00f3n pas\u00f3 a cuchillo.<\/p>\n<p>Hoy son 27 trabajadores que se quedar\u00e1n en la calle pero esta vez el motivo es otro. \u201cManifiestan que hay una crisis econ\u00f3mica y tiene que\u00a0 desvincular a 27 trabajadores. Esto comenz\u00f3 el viernes cuando internamente colocaron carteler\u00eda en el diario invitando a los trabajadores al retiro voluntario\u201d, detall\u00f3 D\u00edaz.<\/p>\n<blockquote class=\"twitter-tweet\">\n<p dir=\"ltr\" lang=\"es\">[AHORA] <a href=\"https:\/\/twitter.com\/yofernandodiaz?ref_src=twsrc%5Etfw\">@yofernandodiaz<\/a> Secretario General de <a href=\"https:\/\/twitter.com\/Siprensalok?ref_src=twsrc%5Etfw\">@Siprensalok<\/a> en <a href=\"https:\/\/twitter.com\/elacopleinfo?ref_src=twsrc%5Etfw\">@elacopleinfo<\/a> con <a href=\"https:\/\/twitter.com\/nnatnieto?ref_src=twsrc%5Etfw\">@nnatnieto<\/a> y <a href=\"https:\/\/twitter.com\/diegoaferreyra?ref_src=twsrc%5Etfw\">@diegoaferreyra<\/a> por <a href=\"https:\/\/twitter.com\/el10tv?ref_src=twsrc%5Etfw\">@el10tv<\/a> y <a href=\"https:\/\/twitter.com\/AriesFmSalta?ref_src=twsrc%5Etfw\">@AriesFmSalta<\/a> <a href=\"https:\/\/twitter.com\/hashtag\/Salta?src=hash&amp;ref_src=twsrc%5Etfw\">#Salta<\/a>. <a href=\"https:\/\/t.co\/o7QRfeg9FK\">pic.twitter.com\/o7QRfeg9FK<\/a><\/p>\n<p>\u2014 El Acople (@elacopleinfo) <a href=\"https:\/\/twitter.com\/elacopleinfo\/status\/1778582796077842438?ref_src=twsrc%5Etfw\">April 12, 2024<\/a><\/p><\/blockquote>\n<p><script async src=\"https:\/\/platform.twitter.com\/widgets.js\" charset=\"utf-8\"><\/script><\/p>\n<p>\u201cEl ofrecimiento era 50% de la indemnizaci\u00f3n en 12 cuotas, seg\u00fan explicaron en la audiencia en la Secretar\u00eda de Trabajo. Es inadmisible e inhumano que quieran pagar as\u00ed\u201d manifest\u00f3. \u201cEn la n\u00f3mina hay gente de hasta 40 a\u00f1os de antig\u00fcedad\u201d agreg\u00f3.<\/p>\n<p>D\u00edaz atribuy\u00f3 los despidos de trabajadores a lineamiento nacionales por parte de un gobierno neoliberal que est\u00e1 apoyado por uno de los due\u00f1os de diario El Tribuno, como lo es, el senador nacional Juan Carlos Romero. \u201cEsto se est\u00e1 dando en otras provincias del pa\u00eds, quieren\u00a0 empezar a cortar para que no se hable lo que est\u00e1 haciendo el gobierno\u201d sostuvo.<\/p>\n<p>\u201cPedimos un cuarto intermedio para analizar la documentaci\u00f3n que se present\u00f3 y se est\u00e1 analizando si realmente hay una crisis como Grupo porque no sabemos cu\u00e1ntas empresas lo componen\u201d finaliz\u00f3.<\/p>\n","protected":false},"excerpt":{"rendered":"<p>\u201cEsto comenz\u00f3 el viernes cuando internamente colocaron carteler\u00eda en el diario invitando a los trabajadores al retiro voluntario\u201d, dijo en El Acople, el secretario del Sindicato de Prensa, Fernando D\u00edaz, quien asegur\u00f3 que desde el Grupo Horizonte se atribuyen que la crisis econ\u00f3mica lleva a los despidos de trabajadores de prensa. Para D\u00edas los motivos [&hellip;]<\/p>\n","protected":false},"author":2,"featured_media":1483,"comment_status":"open","ping_status":"closed","sticky":false,"template":"","format":"standard","meta":{"footnotes":""},"categories":[6],"tags":[256,872],"class_list":["post-1482","post","type-post","status-publish","format-standard","has-post-thumbnail","hentry","category-notas","tag-el-tribuno","tag-victor-sacca"],"_links":{"self":[{"href":"https:\/\/muycritico.com.ar\/web\/index.php?rest_route=\/wp\/v2\/posts\/1482","targetHints":{"allow":["GET"]}}],"collection":[{"href":"https:\/\/muycritico.com.ar\/web\/index.php?rest_route=\/wp\/v2\/posts"}],"about":[{"href":"https:\/\/muycritico.com.ar\/web\/index.php?rest_route=\/wp\/v2\/types\/post"}],"author":[{"embeddable":true,"href":"https:\/\/muycritico.com.ar\/web\/index.php?rest_route=\/wp\/v2\/users\/2"}],"replies":[{"embeddable":true,"href":"https:\/\/muycritico.com.ar\/web\/index.php?rest_route=%2Fwp%2Fv2%2Fcomments&post=1482"}],"version-history":[{"count":1,"href":"https:\/\/muycritico.com.ar\/web\/index.php?rest_route=\/wp\/v2\/posts\/1482\/revisions"}],"predecessor-version":[{"id":1484,"href":"https:\/\/muycritico.com.ar\/web\/index.php?rest_route=\/wp\/v2\/posts\/1482\/revisions\/1484"}],"wp:featuredmedia":[{"embeddable":true,"href":"https:\/\/muycritico.com.ar\/web\/index.php?rest_route=\/wp\/v2\/media\/1483"}],"wp:attachment":[{"href":"https:\/\/muycritico.com.ar\/web\/index.php?rest_route=%2Fwp%2Fv2%2Fmedia&parent=1482"}],"wp:term":[{"taxonomy":"category","embeddable":true,"href":"https:\/\/muycritico.com.ar\/web\/index.php?rest_route=%2Fwp%2Fv2%2Fcategories&post=1482"},{"taxonomy":"post_tag","embeddable":true,"href":"https:\/\/muycritico.com.ar\/web\/index.php?rest_route=%2Fwp%2Fv2%2Ftags&post=1482"}],"curies":[{"name":"wp","href":"https:\/\/api.w.org\/{rel}","templated":true}]}}