{"id":1479,"date":"2024-04-12T09:46:00","date_gmt":"2024-04-12T12:46:00","guid":{"rendered":"https:\/\/muycritico.com.ar\/web\/?p=1479"},"modified":"2026-01-18T19:25:29","modified_gmt":"2026-01-18T22:25:29","slug":"con-la-declaracion-de-peritos-continua-el-juicio-por-el-doble-crimen-de-la-circunvalacion-oeste","status":"publish","type":"post","link":"https:\/\/muycritico.com.ar\/web\/?p=1479","title":{"rendered":"CON LA DECLARACI\u00d3N DE PERITOS CONTIN\u00daA EL JUICIO POR EL DOBLE CRIMEN DE LA CIRCUNVALACI\u00d3N OESTE"},"content":{"rendered":"<p><strong>La cuarta jornada del juicio seguido por el doble homicidio de Jonatan Pablo Tolaba y Romina Isabel Zerda, ocurrido el 10 de octubre de 2021 en la Circunvalaci\u00f3n Oeste se desarrolla hoy con la comparecencia de peritos de la Polic\u00eda y del CIF.<\/strong><\/p>\n<p><!--more--><\/p>\n<p>Por el hecho est\u00e1n siendo juzgados Kalil Ezequiel Chejol\u00e1n, Juli\u00e1n Bautista Bubroski y Ricardo Alberto Galarza, imputados por homicidio agravado por el concurso premeditado de dos o m\u00e1s personas, por el uso de arma de fuego (dos hechos), en concurso real. En causa acumulada, Chejol\u00e1n y Bubroski tambi\u00e9n est\u00e1n acusados por el delito de tenencia de estupefacientes con fines de comercializaci\u00f3n.<\/p>\n<p>El juicio se lleva a cabo con tribunal colegiado integrado por los jueces Marcelo Rubio (presidente), M\u00f3nica Faber y Gabriela Romero Nayar (vocales).<\/p>\n<p>Hoy fueron citadas a declarar once personas, entre ellas dos licenciados en Criminal\u00edstica de la Polic\u00eda y varios profesionales del CIF (bioqu\u00edmicos, ingeniero electr\u00f3nico, m\u00e9dica legal, ingeniero qu\u00edmico, licenciado en Trabajo Social, licenciado en Criminal\u00edstica).<\/p>\n<p>Por el Ministerio P\u00fablico intervienen los fiscales Leandro Flores, Ramiro Ramos Osorio y Santiago L\u00f3pez Soto. La defensa de los acusados est\u00e1 a cargo de Agust\u00edn Sol\u00e1 Garrido (Juli\u00e1n Bubroski), Daniel Arnedo y Claudia Larisa Alila (Ezequiel Chejol\u00e1n) y Federico Atengurt (Ricardo Galarza).<\/p>\n<p>El hecho juzgado ocurri\u00f3 en 2021. La noche del 10 de octubre, alrededor de las 23, los cuerpos sin vida de Jonatan Pablo Tolaba y Romina Isabel Zerda fueron encontrados en el interior de una camioneta estacionada sobre una calle colectora de la autopista Circunvalaci\u00f3n Oeste, entre el acceso a San Luis y el barrio Miracolos. Ambos presentaban heridas de arma de fuego.<\/p>\n","protected":false},"excerpt":{"rendered":"<p>La cuarta jornada del juicio seguido por el doble homicidio de Jonatan Pablo Tolaba y Romina Isabel Zerda, ocurrido el 10 de octubre de 2021 en la Circunvalaci\u00f3n Oeste se desarrolla hoy con la comparecencia de peritos de la Polic\u00eda y del CIF.<\/p>\n","protected":false},"author":2,"featured_media":1480,"comment_status":"open","ping_status":"closed","sticky":false,"template":"","format":"standard","meta":{"footnotes":""},"categories":[6],"tags":[872],"class_list":["post-1479","post","type-post","status-publish","format-standard","has-post-thumbnail","hentry","category-notas","tag-victor-sacca"],"_links":{"self":[{"href":"https:\/\/muycritico.com.ar\/web\/index.php?rest_route=\/wp\/v2\/posts\/1479","targetHints":{"allow":["GET"]}}],"collection":[{"href":"https:\/\/muycritico.com.ar\/web\/index.php?rest_route=\/wp\/v2\/posts"}],"about":[{"href":"https:\/\/muycritico.com.ar\/web\/index.php?rest_route=\/wp\/v2\/types\/post"}],"author":[{"embeddable":true,"href":"https:\/\/muycritico.com.ar\/web\/index.php?rest_route=\/wp\/v2\/users\/2"}],"replies":[{"embeddable":true,"href":"https:\/\/muycritico.com.ar\/web\/index.php?rest_route=%2Fwp%2Fv2%2Fcomments&post=1479"}],"version-history":[{"count":1,"href":"https:\/\/muycritico.com.ar\/web\/index.php?rest_route=\/wp\/v2\/posts\/1479\/revisions"}],"predecessor-version":[{"id":1481,"href":"https:\/\/muycritico.com.ar\/web\/index.php?rest_route=\/wp\/v2\/posts\/1479\/revisions\/1481"}],"wp:featuredmedia":[{"embeddable":true,"href":"https:\/\/muycritico.com.ar\/web\/index.php?rest_route=\/wp\/v2\/media\/1480"}],"wp:attachment":[{"href":"https:\/\/muycritico.com.ar\/web\/index.php?rest_route=%2Fwp%2Fv2%2Fmedia&parent=1479"}],"wp:term":[{"taxonomy":"category","embeddable":true,"href":"https:\/\/muycritico.com.ar\/web\/index.php?rest_route=%2Fwp%2Fv2%2Fcategories&post=1479"},{"taxonomy":"post_tag","embeddable":true,"href":"https:\/\/muycritico.com.ar\/web\/index.php?rest_route=%2Fwp%2Fv2%2Ftags&post=1479"}],"curies":[{"name":"wp","href":"https:\/\/api.w.org\/{rel}","templated":true}]}}