{"id":1476,"date":"2024-04-12T09:07:00","date_gmt":"2024-04-12T12:07:00","guid":{"rendered":"https:\/\/muycritico.com.ar\/web\/?p=1476"},"modified":"2026-01-18T19:25:29","modified_gmt":"2026-01-18T22:25:29","slug":"el-municipio-coordina-obras-con-aguas-del-norte-para-avanzar-con-el-plan-de-reparacion-de-calles","status":"publish","type":"post","link":"https:\/\/muycritico.com.ar\/web\/?p=1476","title":{"rendered":"EL MUNICIPIO COORDINA OBRAS CON AGUAS DEL NORTE PARA AVANZAR CON EL PLAN DE REPARACI\u00d3N DE CALLES"},"content":{"rendered":"<p><strong>Es a partir de un acuerdo entre el intendente, Emiliano Durand, y el titular del directorio de la empresa prestadora del servicio, Ignacio Jars\u00fan. Durante el encuentro se habl\u00f3 adem\u00e1s sobre las factibilidades para las nuevas construcciones en la ciudad y la planta depuradora sur.<\/strong><\/p>\n<p><!--more--><\/p>\n<p>La Municipalidad de Salta trabajar\u00e1 de manera coordinada con la empresa Aguas del Norte para avanzar en el Plan de Reparaci\u00f3n de Calzadas iniciado por la comuna.<\/p>\n<p>Con ese objetivo, esta ma\u00f1ana el intendente, Emiliano Durand, firm\u00f3 un convenio con el presidente del directorio de la empresa prestadora del servicio de agua, Ignacio Jars\u00fan.<\/p>\n<p>Durante la reuni\u00f3n, el jefe comunal capitalino, hizo hincapi\u00e9 en la importancia de dar prioridad a los arreglos en las calles de mayor circulaci\u00f3n de la ciudad, teniendo en cuenta el relevamiento realizado por profesionales del municipio y la solicitud de los vecinos.<\/p>\n<p>Adem\u00e1s, en el encuentro se acord\u00f3 trabajar en conjunto para abordar la cuesti\u00f3n de las factibilidades para la construcci\u00f3n de nuevos edificios en la capital y se dialog\u00f3 sobre la planta depuradora sur.<\/p>\n<p><iframe loading=\"lazy\" title=\"El municipio coordinar\u00e1 obras con Aguas del Norte para avanzar en el Plan de Reparaci\u00f3n de Calles\" width=\"696\" height=\"392\" src=\"https:\/\/www.youtube.com\/embed\/hRwtuKNwnk4?feature=oembed\" frameborder=\"0\" allow=\"accelerometer; autoplay; clipboard-write; encrypted-media; gyroscope; picture-in-picture; web-share\" referrerpolicy=\"strict-origin-when-cross-origin\" allowfullscreen><\/iframe><\/p>\n<p>En ese sentido, Ignacio Jars\u00fan, sostuvo que \u201ccon el Intendente venimos trabajando desde el primer d\u00eda, hablamos casi a diario por distintos temas que nos incumben, porque no hay mejor manera que trabajar en conjunto, as\u00ed podemos optimizar recursos, m\u00e1s cuando son escasos como en los tiempos que estamos viviendo\u201d.<\/p>\n<p>El funcionario indic\u00f3 que son muchos los temas a resolver como obras inconclusas, bacheo, la falta de agua en algunos barrios y otras cuestiones que requieren de un trabajo coordinado.<\/p>\n<p>\u201cTenemos la voluntad de ir resolviendo las problem\u00e1ticas que aquejan a la gente desde hace mucho tiempo\u201d, finaliz\u00f3 Jars\u00fan.<\/p>\n<p>En la reuni\u00f3n, estuvo presente, adem\u00e1s, el gerente de Legales de Aguas del Norte, Marcelo Cerdeyro.<\/p>\n","protected":false},"excerpt":{"rendered":"<p>Es a partir de un acuerdo entre el intendente, Emiliano Durand, y el titular del directorio de la empresa prestadora del servicio, Ignacio Jars\u00fan. Durante el encuentro se habl\u00f3 adem\u00e1s sobre las factibilidades para las nuevas construcciones en la ciudad y la planta depuradora sur.<\/p>\n","protected":false},"author":2,"featured_media":1477,"comment_status":"open","ping_status":"closed","sticky":false,"template":"","format":"standard","meta":{"footnotes":""},"categories":[6],"tags":[254,255,249,872],"class_list":["post-1476","post","type-post","status-publish","format-standard","has-post-thumbnail","hentry","category-notas","tag-aguas-del-norte","tag-convenio","tag-obras","tag-victor-sacca"],"_links":{"self":[{"href":"https:\/\/muycritico.com.ar\/web\/index.php?rest_route=\/wp\/v2\/posts\/1476","targetHints":{"allow":["GET"]}}],"collection":[{"href":"https:\/\/muycritico.com.ar\/web\/index.php?rest_route=\/wp\/v2\/posts"}],"about":[{"href":"https:\/\/muycritico.com.ar\/web\/index.php?rest_route=\/wp\/v2\/types\/post"}],"author":[{"embeddable":true,"href":"https:\/\/muycritico.com.ar\/web\/index.php?rest_route=\/wp\/v2\/users\/2"}],"replies":[{"embeddable":true,"href":"https:\/\/muycritico.com.ar\/web\/index.php?rest_route=%2Fwp%2Fv2%2Fcomments&post=1476"}],"version-history":[{"count":1,"href":"https:\/\/muycritico.com.ar\/web\/index.php?rest_route=\/wp\/v2\/posts\/1476\/revisions"}],"predecessor-version":[{"id":1478,"href":"https:\/\/muycritico.com.ar\/web\/index.php?rest_route=\/wp\/v2\/posts\/1476\/revisions\/1478"}],"wp:featuredmedia":[{"embeddable":true,"href":"https:\/\/muycritico.com.ar\/web\/index.php?rest_route=\/wp\/v2\/media\/1477"}],"wp:attachment":[{"href":"https:\/\/muycritico.com.ar\/web\/index.php?rest_route=%2Fwp%2Fv2%2Fmedia&parent=1476"}],"wp:term":[{"taxonomy":"category","embeddable":true,"href":"https:\/\/muycritico.com.ar\/web\/index.php?rest_route=%2Fwp%2Fv2%2Fcategories&post=1476"},{"taxonomy":"post_tag","embeddable":true,"href":"https:\/\/muycritico.com.ar\/web\/index.php?rest_route=%2Fwp%2Fv2%2Ftags&post=1476"}],"curies":[{"name":"wp","href":"https:\/\/api.w.org\/{rel}","templated":true}]}}