{"id":14402,"date":"2026-05-03T11:43:15","date_gmt":"2026-05-03T14:43:15","guid":{"rendered":"https:\/\/muycritico.com.ar\/web\/?p=14402"},"modified":"2026-05-03T11:43:15","modified_gmt":"2026-05-03T14:43:15","slug":"la-formula-1-adelanto-la-carrera-del-gran-premio-de-miami-por-riesgo-de-tormenta-electrica","status":"publish","type":"post","link":"https:\/\/muycritico.com.ar\/web\/?p=14402","title":{"rendered":"LA F\u00d3RMULA 1 ADELANT\u00d3 LA CARRERA DEL GRAN PREMIO DE MIAMI POR RIESGO DE TORMENTA EL\u00c9CTRICA"},"content":{"rendered":"<p><strong>As\u00ed lo comunic\u00f3 la FIA, quien tom\u00f3 esa decisi\u00f3n para resguardar la seguridad de los pilotos y los espectadores. La competencia estaba prevista para las 17. Foto: EFE<\/strong><\/p>\n<p>A la gran actuaci\u00f3n en Franco Colapinto en ambas clasificaciones \u2013carrera Sprint y carrera del domingo- se conoci\u00f3 la noticia de que se adelanta la carrera por cuestiones clim\u00e1ticas.<\/p>\n<p>El Gran Premio de Miami de la F\u00f3rmula 1 se correr\u00e1 este domingo y la FIA dio a conocer un fuerte cambio de \u00faltimo momento: decidi\u00f3 adelantar el inicio de la carrera para las 14 (hora de la Argentina) por riesgo de tormentas el\u00e9ctricas.<\/p>\n<p>\u201cDespu\u00e9s de discusiones entre la FIA, la F1 y el promotor de Miami, se ha tomado la decisi\u00f3n de adelantar la salida del Gran Premio de Miami del domingo a las 13:00 hora local en Miami debido al pron\u00f3stico del tiempo que se espera que traiga tormentas de lluvia m\u00e1s intensas m\u00e1s tarde en la tarde, cerca del horario original planeado para el inicio de la carrera\u201d, indicaron en un comunicado.<\/p>\n","protected":false},"excerpt":{"rendered":"<p>As\u00ed lo comunic\u00f3 la FIA, quien tom\u00f3 esa decisi\u00f3n para resguardar la seguridad de los pilotos y los espectadores. La competencia estaba prevista para las 17. Foto: EFE A la gran actuaci\u00f3n en Franco Colapinto en ambas clasificaciones \u2013carrera Sprint y carrera del domingo- se conoci\u00f3 la noticia de que se adelanta la carrera por [&hellip;]<\/p>\n","protected":false},"author":2,"featured_media":14403,"comment_status":"open","ping_status":"closed","sticky":false,"template":"","format":"standard","meta":{"footnotes":""},"categories":[11],"tags":[],"class_list":["post-14402","post","type-post","status-publish","format-standard","has-post-thumbnail","hentry","category-motor"],"_links":{"self":[{"href":"https:\/\/muycritico.com.ar\/web\/index.php?rest_route=\/wp\/v2\/posts\/14402","targetHints":{"allow":["GET"]}}],"collection":[{"href":"https:\/\/muycritico.com.ar\/web\/index.php?rest_route=\/wp\/v2\/posts"}],"about":[{"href":"https:\/\/muycritico.com.ar\/web\/index.php?rest_route=\/wp\/v2\/types\/post"}],"author":[{"embeddable":true,"href":"https:\/\/muycritico.com.ar\/web\/index.php?rest_route=\/wp\/v2\/users\/2"}],"replies":[{"embeddable":true,"href":"https:\/\/muycritico.com.ar\/web\/index.php?rest_route=%2Fwp%2Fv2%2Fcomments&post=14402"}],"version-history":[{"count":1,"href":"https:\/\/muycritico.com.ar\/web\/index.php?rest_route=\/wp\/v2\/posts\/14402\/revisions"}],"predecessor-version":[{"id":14404,"href":"https:\/\/muycritico.com.ar\/web\/index.php?rest_route=\/wp\/v2\/posts\/14402\/revisions\/14404"}],"wp:featuredmedia":[{"embeddable":true,"href":"https:\/\/muycritico.com.ar\/web\/index.php?rest_route=\/wp\/v2\/media\/14403"}],"wp:attachment":[{"href":"https:\/\/muycritico.com.ar\/web\/index.php?rest_route=%2Fwp%2Fv2%2Fmedia&parent=14402"}],"wp:term":[{"taxonomy":"category","embeddable":true,"href":"https:\/\/muycritico.com.ar\/web\/index.php?rest_route=%2Fwp%2Fv2%2Fcategories&post=14402"},{"taxonomy":"post_tag","embeddable":true,"href":"https:\/\/muycritico.com.ar\/web\/index.php?rest_route=%2Fwp%2Fv2%2Ftags&post=14402"}],"curies":[{"name":"wp","href":"https:\/\/api.w.org\/{rel}","templated":true}]}}