{"id":14386,"date":"2026-05-01T14:19:31","date_gmt":"2026-05-01T17:19:31","guid":{"rendered":"https:\/\/muycritico.com.ar\/web\/?p=14386"},"modified":"2026-05-01T14:19:31","modified_gmt":"2026-05-01T17:19:31","slug":"para-adorni-todo-se-trata-de-una-historia-mediatica","status":"publish","type":"post","link":"https:\/\/muycritico.com.ar\/web\/?p=14386","title":{"rendered":"PARA ADORNI TODO SE TRATA DE UNA \u201cHISTORIA MEDI\u00c1TICA\u201d"},"content":{"rendered":"<p><strong>El jefe de Gabinete brind\u00f3 una entrevista y repiti\u00f3 la l\u00ednea de lo que ley\u00f3 en Diputados. Otra vez evit\u00f3 responder sobre los fondos usados para sus viajes y operaciones inmobiliarias. Dijo solo dar\u00e1 explicaciones en la Justicia. Foto: Noticias argentinas<\/strong><\/p>\n<p><!--more--><\/p>\n<p>El jefe de Gabinete Manuel Adorni sigue con su intento de dejar atr\u00e1s los esc\u00e1ndalos y causas judiciales que lo acechan. Tras su paso por el Congreso ahora brind\u00f3 una entrevista radial en la que repiti\u00f3 los mismos argumentos y evit\u00f3 dar detalles sobre las inconsistencias entre sus fondos declarados y sus exhorbitantes gastos.<\/p>\n<p>\u201cTodo lo otro pasa en el orden judicial y yo no me puedo expresar porque es materia judicial\u201d, se excus\u00f3 Adorni al ser consultado por el avance de la causa por enriquecimiento il\u00edcito. A pesar de ello, opin\u00f3 que esa investigaci\u00f3n \u201cno va a prosperar\u201d porque \u201cno tiene ning\u00fan sustento\u201d.<\/p>\n<p>Seg\u00fan consigna PAGINA 12, insisti\u00f3 en que todo es una \u201chistoria medi\u00e1tica\u201d. \u201cNo solo no soy culpable, sino que va a quedar todo demostrado en la Justicia\u201d, sentenci\u00f3.<\/p>\n<p>Sobre su paso por la C\u00e1mara de Diputados y la falta de respuestas a algunas preguntas opositoras sobre su patrimonio, afirm\u00f3 que no asisti\u00f3 \u201cen car\u00e1cter de persona investigada\u201d sino a hacer un \u201cinforme de gesti\u00f3n\u201d. \u201cNo es un tribunal de justicia\u201d, abund\u00f3.<\/p>\n<p>Pese a que Adorni sostiene que \u201cla causa no tiene goyete\u201d, el fiscal Germ\u00e1n Pollicita avanza con la investigaci\u00f3n por enriquecimiento il\u00edcito. El foco est\u00e1 puesto especialmente en las operaciones inmobiliarias: la compra de una casa en un country de Exaltaci\u00f3n de la Cruz y la adquisici\u00f3n del departamento de la calle Mir\u00f3, bajo una extra\u00f1a modalidad de pago en diferido y sin intereses.<\/p>\n<p><strong>\u201cLos temas personales son temas personales\u201d<\/strong><\/p>\n<p>Consultado durante la entrevista con El Observador sobre si se arrepent\u00eda de los viajes realizados, Adorni fue tajante en repetir que se trata de cuestiones \u201cpersonales y familiares\u201d. El punto en realidad no es que haya viajado sino de d\u00f3nde salieron los fondos para pagar esas \u201cescapadas\u201d.<\/p>\n<p>\u201cNo tengo por qu\u00e9 andar justificando cuestiones que no est\u00e1n mal. Los temas personales son temas personales y yo no tengo nada que ocultar\u201d, dijo el jefe de Gabinete.<\/p>\n<p>Tambi\u00e9n asegur\u00f3 que no tiene \u201cninguna sociedad en el exterior, ni con Grandio ni con ning\u00fan otro, es falso absolutamente\u201d, a partir de una denuncia de la diputada Marcelo Pagano sobre su relaci\u00f3n con el periodista que le pag\u00f3 el viaje a Punta del Este y ten\u00eda varios contratos con la Televisi\u00f3n P\u00fablica.<\/p>\n<p>Adem\u00e1s, dijo que no tiene ninguna propiedad en Mart\u00ednez y que no viaj\u00f3 ni a Disney ni a R\u00edo de Janeiro en los \u00faltimos a\u00f1os.<\/p>\n<p><strong>La censura a los periodistas acreditados en la Rosada<\/strong><\/p>\n<p>Adorni tambi\u00e9n confirm\u00f3 que est\u00e1 previsto que el lunes reabra la Sala de Periodistas de la Casa Rosada y se vuelva a habilitar el ingreso de los trabajadores de prensa que llevan m\u00e1s de una semana sin poder entrar.<\/p>\n<p>Volvi\u00f3 a justificar la decisi\u00f3n de impedirles el ingreso bajo el pretexto de \u201ccuestiones de seguridad\u201d por la grabaci\u00f3n de im\u00e1genes en los pasillos de la Casa de Gobierno. Adelant\u00f3 que habr\u00e1 \u201cmodificaciones\u201d y \u201cuna revisi\u00f3n de protocolos\u201d.<\/p>\n<p>El jefe de Gabinete no confirm\u00f3 que el lunes tambi\u00e9n vaya a dar una conferencia de prensa, aunque s\u00ed dijo que le parece \u201cacorde\u201d hacerlo alg\u00fan d\u00eda de esta semana. \u201cLa semana que viene va a haber una conferencia, si no es el lunes es el martes\u201d, dijo.<\/p>\n<p>Al final de la entrevista a Adorni, se escuch\u00f3 al aire un mensaje del presidente Javier Milei en el que le dese\u00f3 un feliz D\u00eda del Trabajador a \u201ctodos los argentinos de bien\u201d.<\/p>\n","protected":false},"excerpt":{"rendered":"<p>El jefe de Gabinete brind\u00f3 una entrevista y repiti\u00f3 la l\u00ednea de lo que ley\u00f3 en Diputados. Otra vez evit\u00f3 responder sobre los fondos usados para sus viajes y operaciones inmobiliarias. Dijo solo dar\u00e1 explicaciones en la Justicia. Foto: Noticias argentinas<\/p>\n","protected":false},"author":2,"featured_media":14387,"comment_status":"open","ping_status":"closed","sticky":false,"template":"","format":"standard","meta":{"footnotes":""},"categories":[6],"tags":[],"class_list":["post-14386","post","type-post","status-publish","format-standard","has-post-thumbnail","hentry","category-notas"],"_links":{"self":[{"href":"https:\/\/muycritico.com.ar\/web\/index.php?rest_route=\/wp\/v2\/posts\/14386","targetHints":{"allow":["GET"]}}],"collection":[{"href":"https:\/\/muycritico.com.ar\/web\/index.php?rest_route=\/wp\/v2\/posts"}],"about":[{"href":"https:\/\/muycritico.com.ar\/web\/index.php?rest_route=\/wp\/v2\/types\/post"}],"author":[{"embeddable":true,"href":"https:\/\/muycritico.com.ar\/web\/index.php?rest_route=\/wp\/v2\/users\/2"}],"replies":[{"embeddable":true,"href":"https:\/\/muycritico.com.ar\/web\/index.php?rest_route=%2Fwp%2Fv2%2Fcomments&post=14386"}],"version-history":[{"count":1,"href":"https:\/\/muycritico.com.ar\/web\/index.php?rest_route=\/wp\/v2\/posts\/14386\/revisions"}],"predecessor-version":[{"id":14388,"href":"https:\/\/muycritico.com.ar\/web\/index.php?rest_route=\/wp\/v2\/posts\/14386\/revisions\/14388"}],"wp:featuredmedia":[{"embeddable":true,"href":"https:\/\/muycritico.com.ar\/web\/index.php?rest_route=\/wp\/v2\/media\/14387"}],"wp:attachment":[{"href":"https:\/\/muycritico.com.ar\/web\/index.php?rest_route=%2Fwp%2Fv2%2Fmedia&parent=14386"}],"wp:term":[{"taxonomy":"category","embeddable":true,"href":"https:\/\/muycritico.com.ar\/web\/index.php?rest_route=%2Fwp%2Fv2%2Fcategories&post=14386"},{"taxonomy":"post_tag","embeddable":true,"href":"https:\/\/muycritico.com.ar\/web\/index.php?rest_route=%2Fwp%2Fv2%2Ftags&post=14386"}],"curies":[{"name":"wp","href":"https:\/\/api.w.org\/{rel}","templated":true}]}}