{"id":14383,"date":"2026-04-30T19:09:35","date_gmt":"2026-04-30T22:09:35","guid":{"rendered":"https:\/\/muycritico.com.ar\/web\/?p=14383"},"modified":"2026-04-30T19:09:35","modified_gmt":"2026-04-30T22:09:35","slug":"hospital-digital-safesa-por-primera-vez-en-la-historia-la-salud-publica-se-federaliza","status":"publish","type":"post","link":"https:\/\/muycritico.com.ar\/web\/?p=14383","title":{"rendered":"HOSPITAL DIGITAL SAFESA: \u201cPOR PRIMERA VEZ EN LA HISTORIA, LA SALUD P\u00daBLICA SE FEDERALIZA\u201d"},"content":{"rendered":"<p><strong>El gobernador S\u00e1enz entreg\u00f3 269 tablets a agentes sanitarios para fortalecer el programa M\u00e9dico en tu Casa y consolidar la segunda etapa del Hospital Digital. Se completa as\u00ed la cobertura tecnol\u00f3gica en la zona norte de la provincia y se refuerza la atenci\u00f3n en Capital, integrando la capacidad diagn\u00f3stica con la atenci\u00f3n directa en el territorio.<\/strong><\/p>\n<p><!--more--><\/p>\n<p>El gobernador Gustavo S\u00e1enz, acompa\u00f1ado por el ministro de Salud P\u00fablica Federico Mangione, encabez\u00f3 el acto de entrega de 269 tablets a agentes sanitarios. Esta acci\u00f3n marca el inicio de la segunda etapa de implementaci\u00f3n del Hospital Digital (SAFESA) y fortalece el programa M\u00e9dico en tu Casa.<\/p>\n<p>El Gobernador indic\u00f3 que este nuevo avance es resultado de una reformulaci\u00f3n en salud para llevarla a todo el territorio salte\u00f1o, d\u00e1ndole a todos las mismas oportunidades: \u201cVivan donde vivan, porque s\u00e9, y tal vez los gobiernos nacionales no lo entienden, de la geograf\u00eda inmensa de nuestra provincia y lo que cuesta llegar a cada casa que se encuentra en parajes alejados. Son los agentes sanitarios quienes llegan con el coraz\u00f3n abierto para brindar salud\u201d, dijo S\u00e1enz.<\/p>\n<p>Destac\u00f3 que la salud debe ser prioritaria, equitativa, federal y sostenida por un Estado presente y en este sentido reconoci\u00f3 al personal sanitario como eje del sistema.<\/p>\n<p>Afirm\u00f3 que \u201cpor primera vez en la historia de la salud p\u00fablica, se la est\u00e1 federalizando\u201d y consider\u00f3 que las tablets entregadas dan \u201clas herramientas para que el trabajo que los agentes sanitarios hacen con el alma, rindan mayores frutos. Es llegar con el m\u00e9dico a la casa\u201d. En referencia a que el nuevo sistema detecta factores de riesgo de forma autom\u00e1tica durante la visita.<\/p>\n<p><iframe loading=\"lazy\" title=\"Hospital Digital SAFESA: \u201cPor primera vez en la historia, la salud p\u00fablica se federaliza\u201d\" width=\"696\" height=\"392\" src=\"https:\/\/www.youtube.com\/embed\/SxbXIdksWU0?feature=oembed\" frameborder=\"0\" allow=\"accelerometer; autoplay; clipboard-write; encrypted-media; gyroscope; picture-in-picture; web-share\" referrerpolicy=\"strict-origin-when-cross-origin\" allowfullscreen><\/iframe><\/p>\n<p>As\u00ed, una vez ingresados los datos, se identifican alarmas con respecto al estado de salud de la persona o del grupo familiar y activa la correspondiente interconsulta con el Hospital Digital. De esta manera, el paciente puede ser derivado de forma inmediata a una consulta virtual con profesionales de salud, evitando demoras, reduciendo traslados innecesarios y garantizando una respuesta r\u00e1pida, especialmente en zonas alejadas o de dif\u00edcil acceso. Como parte esencial del sistema, S\u00e1enz destac\u00f3 la implementaci\u00f3n de la Historia Cl\u00ednica Digital.<\/p>\n<p>El Gobernador record\u00f3 los avances en estos seis a\u00f1os de gesti\u00f3n: \u201cCuando asumimos encontramos un sistema de salud totalmente obsoleto, colapsado. Sin ambulancias, sin recursos humanos, sin especialistas. Con enfermeros con contratos de locaci\u00f3n; en un acto de justicia, reivindicamos y les dimos el lugar que les correspond\u00eda\u201d.<\/p>\n<p>Asimismo reconoci\u00f3 el valor de la salud p\u00fablica en momentos dif\u00edciles: \u201cA ella acuden quienes no pueden pagar una obra social, nuestros jubilados y discapacitados. \u201cEn el norte argentino la salud, la educaci\u00f3n, los jubilados, los ni\u00f1os, los j\u00f3venes y las personas con discapacidad son y ser\u00e1n siempre una prioridad para este gobierno. Si como Estado no estamos presente, quedan librados al abandono. Y este Estado va a estar siempre presente\u201d.<\/p>\n<p>Y continu\u00f3: \u201cA ellos los estamos priorizando porque las obras son necesarias, pero en momentos de crisis no pensemos tanto en el cemento, pensemos m\u00e1s con el coraz\u00f3n; es llegar a cada uno de lo que necesitan con salud, educaci\u00f3n, seguridad. Este gobernador priorizar\u00e1 siempre los fondos con estos destinos\u201d, afirm\u00f3.<\/p>\n<p>Adem\u00e1s, record\u00f3: \u201cMuchas cosas quedan por hacer, pero tambi\u00e9n hicimos mucho. \u00bfCu\u00e1ndo se brindaba di\u00e1lisis u oncolog\u00eda fuera de la capital? Nunca. Hoy federalizamos esos servicios: en Or\u00e1n, Tartagal, Cafayate, Joaqu\u00edn V. Gonz\u00e1lez, y pr\u00f3ximamente en G\u00fcemes, sobre todo en los hospitales cabecera. Eso es un derecho\u201d.<\/p>\n<p>\u201cUstedes son el alma de este sistema, son los que caminan, son quienes llegan a los lugares m\u00e1s inh\u00f3spitos, quienes abren puertas, quienes permiten conocer la situaci\u00f3n de cada familia y por eso quiero felicitarlos nuevamente, a todos los presentes y a quienes est\u00e1n trabajando en el territorio. Eso es servir y para eso estamos\u201d.<\/p>\n<p>Por su parte, el ministro Mangione enfatiz\u00f3 que \u201cmirar al equipo de Atenci\u00f3n Primaria de la Salud, es mirar el coraz\u00f3n de la salud p\u00fablica\u201d.<\/p>\n<p>Con la entrega de estos dispositivos, que cuentan con chips 4G (LTE) institucionales, se completa la cobertura tecnol\u00f3gica en \u00e1reas operativas como Molinos, Salvador Mazza, Rivadavia Banda Sur y el Chaco Salte\u00f1o. Esta fase se suma a la exitosa etapa piloto que ya alcanza a 177.000 familias y en la cual participan 372 agentes sanitarios capacitados, consolidando a Salta como pionera en la articulaci\u00f3n entre territorio y salud digital.<\/p>\n<p>De esta manera, la Provincia combina la capacidad diagn\u00f3stica de la primera etapa con la conectividad absoluta de esta segunda fase, transformando cada visita domiciliaria en una oportunidad concreta de prevenci\u00f3n, detecci\u00f3n temprana y acceso inmediato a la atenci\u00f3n m\u00e9dica de primer nivel.<\/p>\n<p>Acompa\u00f1aron la entrega el presidente de la C\u00e1mara de Diputados, Esteban Amat; los secretarios de Servicios de Salud, Mart\u00edn Miguel Monerris y de Modernizaci\u00f3n y Servicios P\u00fablicos, Mart\u00edn G\u00fcemes; la subsecretaria de Medicina Social, Gabriela Dorigato; los diputados Laura Cartuccia y Marcos Catardo; entre otros.<\/p>\n<p>Datos t\u00e9cnicos<\/p>\n<p>De las 269 tablets, 128 se asignaron al Primer Nivel de Atenci\u00f3n de las \u00e1reas operativas norte y sur de esta capital y 141 a los hospitales y centros de salud del interior. Los dispositivos m\u00f3viles facilitar\u00e1n la asistencia sanitaria en terreno, dado que su acceso se encuentra integrado al ecosistema digital de salud provincial.<\/p>\n<p>Las tablets tienen pantalla t\u00e1ctil para interacci\u00f3n directa en territorio, ejecuci\u00f3n de m\u00faltiples aplicaciones en entornos m\u00f3viles, navegaci\u00f3n intuitiva y adaptaci\u00f3n a uso en condiciones de campo (movilidad y uso prolongado). El sistema permite la ejecuci\u00f3n de aplicaciones institucionales (SAFESA), para m\u00f3dulos de registro, consulta y actualizaci\u00f3n de informaci\u00f3n sanitaria e interacci\u00f3n en l\u00ednea con servicios web. Adem\u00e1s, cuentan con soporte de comunicaci\u00f3n y telesalud para encuentro sincr\u00f3nico, video-consutas y transmisi\u00f3n de datos en tiempo real hacia sistemas centrales.<\/p>\n<p>La conectividad m\u00f3vil es mediante red 4G (LTE) a trav\u00e9s de chip institucional y soporte para redes inal\u00e1mbricas (Wi-Fi) en entornos institucionales.<\/p>\n<p>En cuanto a la geolocalizaci\u00f3n y captura de datos espaciales, utilizan GPS integrado y asociaci\u00f3n autom\u00e1tica de ubicaci\u00f3n a registros generados en campo para an\u00e1lisis posteriores. As\u00ed pueden capturar informaci\u00f3n digital en diferentes formatos, texto, imagen, datos estructurados, lo que brinda agilidad y fidelidad a los mismos.<\/p>\n<p>Por \u00faltimo, la interoperabilidad con sistemas centrales mediante servicios definidos, sincronizaci\u00f3n de datos con repositorios institucionales y actualizaci\u00f3n din\u00e1mica desde el sistema central permiten flujos de trabajo definidos en SAFESA.<\/p>\n","protected":false},"excerpt":{"rendered":"<p>El gobernador S\u00e1enz entreg\u00f3 269 tablets a agentes sanitarios para fortalecer el programa M\u00e9dico en tu Casa y consolidar la segunda etapa del Hospital Digital. Se completa as\u00ed la cobertura tecnol\u00f3gica en la zona norte de la provincia y se refuerza la atenci\u00f3n en Capital, integrando la capacidad diagn\u00f3stica con la atenci\u00f3n directa en el [&hellip;]<\/p>\n","protected":false},"author":2,"featured_media":14384,"comment_status":"open","ping_status":"closed","sticky":false,"template":"","format":"standard","meta":{"footnotes":""},"categories":[6],"tags":[],"class_list":["post-14383","post","type-post","status-publish","format-standard","has-post-thumbnail","hentry","category-notas"],"_links":{"self":[{"href":"https:\/\/muycritico.com.ar\/web\/index.php?rest_route=\/wp\/v2\/posts\/14383","targetHints":{"allow":["GET"]}}],"collection":[{"href":"https:\/\/muycritico.com.ar\/web\/index.php?rest_route=\/wp\/v2\/posts"}],"about":[{"href":"https:\/\/muycritico.com.ar\/web\/index.php?rest_route=\/wp\/v2\/types\/post"}],"author":[{"embeddable":true,"href":"https:\/\/muycritico.com.ar\/web\/index.php?rest_route=\/wp\/v2\/users\/2"}],"replies":[{"embeddable":true,"href":"https:\/\/muycritico.com.ar\/web\/index.php?rest_route=%2Fwp%2Fv2%2Fcomments&post=14383"}],"version-history":[{"count":1,"href":"https:\/\/muycritico.com.ar\/web\/index.php?rest_route=\/wp\/v2\/posts\/14383\/revisions"}],"predecessor-version":[{"id":14385,"href":"https:\/\/muycritico.com.ar\/web\/index.php?rest_route=\/wp\/v2\/posts\/14383\/revisions\/14385"}],"wp:featuredmedia":[{"embeddable":true,"href":"https:\/\/muycritico.com.ar\/web\/index.php?rest_route=\/wp\/v2\/media\/14384"}],"wp:attachment":[{"href":"https:\/\/muycritico.com.ar\/web\/index.php?rest_route=%2Fwp%2Fv2%2Fmedia&parent=14383"}],"wp:term":[{"taxonomy":"category","embeddable":true,"href":"https:\/\/muycritico.com.ar\/web\/index.php?rest_route=%2Fwp%2Fv2%2Fcategories&post=14383"},{"taxonomy":"post_tag","embeddable":true,"href":"https:\/\/muycritico.com.ar\/web\/index.php?rest_route=%2Fwp%2Fv2%2Ftags&post=14383"}],"curies":[{"name":"wp","href":"https:\/\/api.w.org\/{rel}","templated":true}]}}