{"id":14377,"date":"2026-04-30T18:05:01","date_gmt":"2026-04-30T21:05:01","guid":{"rendered":"https:\/\/muycritico.com.ar\/web\/?p=14377"},"modified":"2026-04-30T18:40:29","modified_gmt":"2026-04-30T21:40:29","slug":"perpetua-para-jose-jota-figueroa-por-el-femicidio-de-mercedes-kvedaras","status":"publish","type":"post","link":"https:\/\/muycritico.com.ar\/web\/?p=14377","title":{"rendered":"PERPETUA PARA JOS\u00c9 \u201cJOTA\u201d FIGUEROA POR EL FEMICIDIO DE MERCEDES KVEDARAS"},"content":{"rendered":"<p><strong>Tras las \u00faltimas palabras del acusado, el Tribunal pas\u00f3 a deliberar y en el veredicto, hicieron lugar a lo solicitado por la fiscal Sodero Calvet, la querella y la Asesora de Menores. En el mismo fallo se dispuso que sea registrado en el Banco de Datos Gen\u00e9ticos y no se hizo lugar a la solicitud de indemnizaci\u00f3n para las v\u00edctimas indirectas.\u00a0<\/strong><strong>Hubo aplausos al momento de la lectura del veredicto.<\/strong><\/p>\n<p><!--more--><\/p>\n<p>Jos\u00e9 Eduardo Figueroa lleg\u00f3 al debate imputado como autor del delito de homicidio doblemente calificado por el v\u00ednculo, en relaci\u00f3n de pareja preexistente y por mediar violencia de g\u00e9nero, en perjuicio de quien fuera su esposa.<\/p>\n<p>Al reanudarse la audiencia de debate, el Tribunal le otorg\u00f3 al imputado la posibilidad de pronunciar las \u00faltimas palabras antes de pasar a deliberar.<\/p>\n<blockquote class=\"instagram-media\" style=\"background: #FFF; border: 0; border-radius: 3px; box-shadow: 0 0 1px 0 rgba(0,0,0,0.5),0 1px 10px 0 rgba(0,0,0,0.15); margin: 1px; max-width: 540px; min-width: 326px; padding: 0; width: calc(100% - 2px);\" data-instgrm-captioned=\"\" data-instgrm-permalink=\"https:\/\/www.instagram.com\/reel\/DXxWc7ixivI\/?utm_source=ig_embed&amp;utm_campaign=loading\" data-instgrm-version=\"14\">\n<div style=\"padding: 16px;\">\n<p>&nbsp;<\/p>\n<div style=\"display: flex; flex-direction: row; align-items: center;\">\n<div style=\"background-color: #f4f4f4; border-radius: 50%; flex-grow: 0; height: 40px; margin-right: 14px; width: 40px;\"><\/div>\n<div style=\"display: flex; flex-direction: column; flex-grow: 1; justify-content: center;\">\n<div style=\"background-color: #f4f4f4; border-radius: 4px; flex-grow: 0; height: 14px; margin-bottom: 6px; width: 100px;\"><\/div>\n<div style=\"background-color: #f4f4f4; border-radius: 4px; flex-grow: 0; height: 14px; width: 60px;\"><\/div>\n<\/div>\n<\/div>\n<div style=\"padding: 19% 0;\"><\/div>\n<div style=\"display: block; height: 50px; margin: 0 auto 12px; width: 50px;\"><\/div>\n<div style=\"padding-top: 8px;\">\n<div style=\"color: #3897f0; font-family: Arial,sans-serif; font-size: 14px; font-style: normal; font-weight: 550; line-height: 18px;\">Ver esta publicaci\u00f3n en Instagram<\/div>\n<\/div>\n<div style=\"padding: 12.5% 0;\"><\/div>\n<div style=\"display: flex; flex-direction: row; margin-bottom: 14px; align-items: center;\">\n<div>\n<div style=\"background-color: #f4f4f4; border-radius: 50%; height: 12.5px; width: 12.5px; transform: translateX(0px) translateY(7px);\"><\/div>\n<div style=\"background-color: #f4f4f4; height: 12.5px; transform: rotate(-45deg) translateX(3px) translateY(1px); width: 12.5px; flex-grow: 0; margin-right: 14px; margin-left: 2px;\"><\/div>\n<div style=\"background-color: #f4f4f4; border-radius: 50%; height: 12.5px; width: 12.5px; transform: translateX(9px) translateY(-18px);\"><\/div>\n<\/div>\n<div style=\"margin-left: 8px;\">\n<div style=\"background-color: #f4f4f4; border-radius: 50%; flex-grow: 0; height: 20px; width: 20px;\"><\/div>\n<div style=\"width: 0; height: 0; border-top: 2px solid transparent; border-left: 6px solid #f4f4f4; border-bottom: 2px solid transparent; transform: translateX(16px) translateY(-4px) rotate(30deg);\"><\/div>\n<\/div>\n<div style=\"margin-left: auto;\">\n<div style=\"width: 0px; border-top: 8px solid #F4F4F4; border-right: 8px solid transparent; transform: translateY(16px);\"><\/div>\n<div style=\"background-color: #f4f4f4; flex-grow: 0; height: 12px; width: 16px; transform: translateY(-4px);\"><\/div>\n<div style=\"width: 0; height: 0; border-top: 8px solid #F4F4F4; border-left: 8px solid transparent; transform: translateY(-4px) translateX(8px);\"><\/div>\n<\/div>\n<\/div>\n<div style=\"display: flex; flex-direction: column; flex-grow: 1; justify-content: center; margin-bottom: 24px;\">\n<div style=\"background-color: #f4f4f4; border-radius: 4px; flex-grow: 0; height: 14px; margin-bottom: 6px; width: 224px;\"><\/div>\n<div style=\"background-color: #f4f4f4; border-radius: 4px; flex-grow: 0; height: 14px; width: 144px;\"><\/div>\n<\/div>\n<p>&nbsp;<\/p>\n<p style=\"color: #c9c8cd; font-family: Arial,sans-serif; font-size: 14px; line-height: 17px; margin-bottom: 0; margin-top: 8px; overflow: hidden; padding: 8px 0 7px; text-align: center; text-overflow: ellipsis; white-space: nowrap;\"><a style=\"color: #c9c8cd; font-family: Arial,sans-serif; font-size: 14px; font-style: normal; font-weight: normal; line-height: 17px; text-decoration: none;\" href=\"https:\/\/www.instagram.com\/reel\/DXxWc7ixivI\/?utm_source=ig_embed&amp;utm_campaign=loading\" target=\"_blank\" rel=\"noopener\">Una publicaci\u00f3n compartida por Muy Critico (@muycriticodigital)<\/a><\/p>\n<\/div>\n<\/blockquote>\n<p><script async src=\"\/\/www.instagram.com\/embed.js\"><\/script><\/p>\n<p>Figueroa pidi\u00f3 perd\u00f3n a la familia de la v\u00edctima, a su familia y a sus hijos \u201cpor el dolor que los hizo vivir\u201d.<\/p>\n<p>Tras la deliberaci\u00f3n, los jueces Cecilia Flores Toranzos, Eduardo S\u00e1ngari y Leonardo Feans, dieron a conocer el fallo un\u00e1nime, donde condenan a Jos\u00e9 Eduardo Figueroa a la pena de prisi\u00f3n perpetua, como autor material y penalmente responsable del delito por el que lleg\u00f3 acusado.<\/p>\n<p>Se dispuso adem\u00e1s que una vez est\u00e9 firme la sentencia, se remitan las constancias pertinentes a la Fiscal\u00eda que por jurisdicci\u00f3n corresponda, en relaci\u00f3n a la conducta del m\u00e9dico forense Daniel Eduardo Dib, por la posible comisi\u00f3n del delito de falso testimonio y se remitan copias pertinentes al Tribunal de \u00c9tica del Colegio de M\u00e9dicos de Salta a los fines que pudiera corresponder atento a su conducta. Tambi\u00e9n que se informe sobre la remisi\u00f3n de tales constancias a la autoridad que corresponda en la Justicia Federal, dado que es el \u00e1mbito en el que el profesional se desempe\u00f1a laboralmente.<\/p>\n<p>Se orden\u00f3 adem\u00e1s que se remitan las copias partinentes a la Fiscal\u00eda que corresponda, en relaci\u00f3n a la intervenci\u00f3n del Licenciado <strong>Enrique Prueguer<\/strong> sobre la posible comisi\u00f3n del delito de ejercicio ilegal de la profesi\u00f3n y falso testimonio, y no se hizo lugar al pedido en relaci\u00f3n al m\u00e9dico psiquiatra Navarro.<\/p>\n","protected":false},"excerpt":{"rendered":"<p>Tras las \u00faltimas palabras del acusado, el Tribunal pas\u00f3 a deliberar y en el veredicto, hicieron lugar a lo solicitado por la fiscal Sodero Calvet, la querella y la Asesora de Menores. En el mismo fallo se dispuso que sea registrado en el Banco de Datos Gen\u00e9ticos y no se hizo lugar a la solicitud [&hellip;]<\/p>\n","protected":false},"author":2,"featured_media":14378,"comment_status":"open","ping_status":"closed","sticky":false,"template":"","format":"standard","meta":{"footnotes":""},"categories":[6],"tags":[1426,896,1414],"class_list":["post-14377","post","type-post","status-publish","format-standard","has-post-thumbnail","hentry","category-notas","tag-enrique-prueguer","tag-jose-jota-figueroa","tag-mercedes-kdevaras"],"_links":{"self":[{"href":"https:\/\/muycritico.com.ar\/web\/index.php?rest_route=\/wp\/v2\/posts\/14377","targetHints":{"allow":["GET"]}}],"collection":[{"href":"https:\/\/muycritico.com.ar\/web\/index.php?rest_route=\/wp\/v2\/posts"}],"about":[{"href":"https:\/\/muycritico.com.ar\/web\/index.php?rest_route=\/wp\/v2\/types\/post"}],"author":[{"embeddable":true,"href":"https:\/\/muycritico.com.ar\/web\/index.php?rest_route=\/wp\/v2\/users\/2"}],"replies":[{"embeddable":true,"href":"https:\/\/muycritico.com.ar\/web\/index.php?rest_route=%2Fwp%2Fv2%2Fcomments&post=14377"}],"version-history":[{"count":2,"href":"https:\/\/muycritico.com.ar\/web\/index.php?rest_route=\/wp\/v2\/posts\/14377\/revisions"}],"predecessor-version":[{"id":14382,"href":"https:\/\/muycritico.com.ar\/web\/index.php?rest_route=\/wp\/v2\/posts\/14377\/revisions\/14382"}],"wp:featuredmedia":[{"embeddable":true,"href":"https:\/\/muycritico.com.ar\/web\/index.php?rest_route=\/wp\/v2\/media\/14378"}],"wp:attachment":[{"href":"https:\/\/muycritico.com.ar\/web\/index.php?rest_route=%2Fwp%2Fv2%2Fmedia&parent=14377"}],"wp:term":[{"taxonomy":"category","embeddable":true,"href":"https:\/\/muycritico.com.ar\/web\/index.php?rest_route=%2Fwp%2Fv2%2Fcategories&post=14377"},{"taxonomy":"post_tag","embeddable":true,"href":"https:\/\/muycritico.com.ar\/web\/index.php?rest_route=%2Fwp%2Fv2%2Ftags&post=14377"}],"curies":[{"name":"wp","href":"https:\/\/api.w.org\/{rel}","templated":true}]}}