{"id":14372,"date":"2026-04-29T16:40:09","date_gmt":"2026-04-29T19:40:09","guid":{"rendered":"https:\/\/muycritico.com.ar\/web\/?p=14372"},"modified":"2026-04-29T16:56:07","modified_gmt":"2026-04-29T19:56:07","slug":"el-peronismo-salteno-debate-la-ley-de-lemas-y-la-reforma-electoral-una-alerta-en-defensa-de-la-democracia","status":"publish","type":"post","link":"https:\/\/muycritico.com.ar\/web\/?p=14372","title":{"rendered":"EL PERONISMO SALTE\u00d1O DEBATE LA LEY DE LEMAS Y LA REFORMA ELECTORAL UNA ALERTA EN DEFENSA DE LA DEMOCRACIA"},"content":{"rendered":"<p><strong>La jornada est\u00e1 abierta a toda la militancia, estudiantes, trabajadores y ciudadanos comprometidos con la democracia en Salta.<\/strong><\/p>\n<p><!--more--><\/p>\n<p>El Peronismo de Salta, convoca a una amplia jornada de debate pol\u00edtico en el marco de la Escuela Peronista, donde se abordar\u00e1n en profundidad los alcances de la Ley de Lemas y los proyectos de reforma electoral impulsados por el oficialismo nacional y provincial.<\/p>\n<p>En un contexto de creciente preocupaci\u00f3n institucional, dirigentes, referentes territoriales y numerosos partidos pol\u00edticos del campo nacional y popular se reunir\u00e1n para analizar c\u00f3mo estas iniciativas impactan directamente sobre la calidad democr\u00e1tica, la transparencia electoral y la representaci\u00f3n popular.<\/p>\n<p>Desde distintos espacios del peronismo salte\u00f1o se advierte que la implementaci\u00f3n de la Ley de Lemas, lejos de fortalecer la participaci\u00f3n, distorsiona la voluntad popular y habilita mecanismos que pueden ser utilizados para la perpetuaci\u00f3n en el poder de manera ileg\u00edtima. En ese sentido, se remarca la necesidad de generar conciencia colectiva y promover un debate abierto, plural y profundamente pol\u00edtico.<\/p>\n<p>La jornada contar\u00e1 con la participaci\u00f3n de abogados constitucionalistas, dirigentes pol\u00edticos y representantes de diversas fuerzas, quienes aportar\u00e1n miradas diversas para enriquecer la discusi\u00f3n y fortalecer una posici\u00f3n com\u00fan en defensa de los valores democr\u00e1ticos.<\/p>\n<p>El encuentro se realizar\u00e1 el mi\u00e9rcoles 29 de abril a las 18:30 hs en Zuvir\u00eda 938, y est\u00e1 abierto a toda la militancia, estudiantes, trabajadores y ciudadanos comprometidos con el presente y el futuro de la democracia en Salta.<\/p>\n<p>El peronismo salte\u00f1o reafirma su compromiso con la participaci\u00f3n popular, la justicia social y la construcci\u00f3n de un sistema electoral transparente, donde la voluntad del pueblo sea respetada sin condicionamientos ni maniobras que alteren su expresi\u00f3n genuina.<\/p>\n<p>Sumate. Formate. Particip\u00e1.<br \/>\nLa democracia se defiende con organizaci\u00f3n y protagonismo popular.<\/p>\n","protected":false},"excerpt":{"rendered":"<p>La jornada est\u00e1 abierta a toda la militancia, estudiantes, trabajadores y ciudadanos comprometidos con la democracia en Salta.<\/p>\n","protected":false},"author":2,"featured_media":14376,"comment_status":"open","ping_status":"closed","sticky":false,"template":"","format":"standard","meta":{"footnotes":""},"categories":[6],"tags":[1425],"class_list":["post-14372","post","type-post","status-publish","format-standard","has-post-thumbnail","hentry","category-notas","tag-salta"],"_links":{"self":[{"href":"https:\/\/muycritico.com.ar\/web\/index.php?rest_route=\/wp\/v2\/posts\/14372","targetHints":{"allow":["GET"]}}],"collection":[{"href":"https:\/\/muycritico.com.ar\/web\/index.php?rest_route=\/wp\/v2\/posts"}],"about":[{"href":"https:\/\/muycritico.com.ar\/web\/index.php?rest_route=\/wp\/v2\/types\/post"}],"author":[{"embeddable":true,"href":"https:\/\/muycritico.com.ar\/web\/index.php?rest_route=\/wp\/v2\/users\/2"}],"replies":[{"embeddable":true,"href":"https:\/\/muycritico.com.ar\/web\/index.php?rest_route=%2Fwp%2Fv2%2Fcomments&post=14372"}],"version-history":[{"count":1,"href":"https:\/\/muycritico.com.ar\/web\/index.php?rest_route=\/wp\/v2\/posts\/14372\/revisions"}],"predecessor-version":[{"id":14374,"href":"https:\/\/muycritico.com.ar\/web\/index.php?rest_route=\/wp\/v2\/posts\/14372\/revisions\/14374"}],"wp:featuredmedia":[{"embeddable":true,"href":"https:\/\/muycritico.com.ar\/web\/index.php?rest_route=\/wp\/v2\/media\/14376"}],"wp:attachment":[{"href":"https:\/\/muycritico.com.ar\/web\/index.php?rest_route=%2Fwp%2Fv2%2Fmedia&parent=14372"}],"wp:term":[{"taxonomy":"category","embeddable":true,"href":"https:\/\/muycritico.com.ar\/web\/index.php?rest_route=%2Fwp%2Fv2%2Fcategories&post=14372"},{"taxonomy":"post_tag","embeddable":true,"href":"https:\/\/muycritico.com.ar\/web\/index.php?rest_route=%2Fwp%2Fv2%2Ftags&post=14372"}],"curies":[{"name":"wp","href":"https:\/\/api.w.org\/{rel}","templated":true}]}}