{"id":14368,"date":"2026-04-28T21:11:16","date_gmt":"2026-04-29T00:11:16","guid":{"rendered":"https:\/\/muycritico.com.ar\/web\/?p=14368"},"modified":"2026-04-28T21:11:16","modified_gmt":"2026-04-29T00:11:16","slug":"frenetico-coucheo-a-manuel-adorni-para-enfrentar-al-interrogatorio-de-diputados-con-el-apoyo-de-milei-y-la-militancia-libertaria","status":"publish","type":"post","link":"https:\/\/muycritico.com.ar\/web\/?p=14368","title":{"rendered":"FREN\u00c9TICO \u201cCOUCHEO\u201d A MANUEL ADORNI PARA ENFRENTAR AL INTERROGATORIO DE DIPUTADOS CON EL APOYO DE MILEI Y LA MILITANCIA LIBERTARIA"},"content":{"rendered":"<p><strong>La sesi\u00f3n est\u00e1 convocada para las 10.30; presenciar\u00e1n la exposici\u00f3n el Presidente, Karina Milei, buena parte del Gabinete y dirigentes libertarios. Foto: Rodrigo N\u00e9spolo \/ La Naci\u00f3n <\/strong><\/p>\n<p><!--more--><\/p>\n<p>Con el respaldo expl\u00edcito del Presidente, Karina Milei y buena parte del Gabinete, Manuel Adorni se enfrentar\u00e1 este mi\u00e9rcoles a un extenso interrogatorio en Diputados. El informe de gesti\u00f3n, que en condiciones normales es un tr\u00e1mite institucional, estar\u00e1 marcado por la investigaci\u00f3n judicial en curso por su presunto crecimiento patrimonial y por la estrategia opositora para exponerlo.<\/p>\n<p>Seg\u00fan LA NACION, la sesi\u00f3n est\u00e1 convocada para las 10.30. En ella, habr\u00e1 una se\u00f1al pol\u00edtica insoslayable: el oficialismo convertir\u00e1 el recinto en una demostraci\u00f3n de respaldo. Estar\u00e1n presentes Javier Milei, la secretaria General de la Presidencia, la mayor\u00eda de los ministros, dirigentes provinciales, algunos senadores y militantes en los palcos. La escena tambi\u00e9n funcionar\u00e1 como un test interno: las ausencias dentro del oficialismo ser\u00e1n seguidas con atenci\u00f3n.<\/p>\n<p>Adorni no volvi\u00f3 a hablar p\u00fablicamente desde su \u00faltima conferencia de prensa en la Casa Rosada, el 25 de marzo pasado. En esa ocasi\u00f3n evit\u00f3 dar precisiones sobre su patrimonio, asegur\u00f3 que solo responder\u00e1 \u201cante un juez\u201d y desestim\u00f3 los cuestionamientos al calificarlos como planteos de \u201capenas periodistas\u201d.<\/p>\n<p>A diferencia de ese episodio, el jefe de Gabinete esta vez enfrentar\u00e1 a un auditorio organizado y con m\u00e1s informaci\u00f3n disponible. En los \u00faltimos d\u00edas se conocieron detalles sobre la compra de un departamento en Caballito y de una casa en el country Indio Cu\u00e1 que alimentan las preguntas que se preparan desde la oposici\u00f3n.<\/p>\n<p>El discurso de Adorni, seg\u00fan informaron desde la Casa Rosada, har\u00e1 foco \u201cen los logros econ\u00f3micos y en la estabilidad macro, as\u00ed como en reformas hechas y pendientes\u201d. El martes, en la previa a su informe, acompa\u00f1\u00f3 a la ministra de Seguridad, Alejandra Monteoliva, en un operativo de destrucci\u00f3n de estupefacientes y precursores qu\u00edmicos en Pacheco, en la provincia de Buenos Aires.<\/p>\n<p>El funcionario visit\u00f3 el lunes la C\u00e1mara baja en un fuerte operativo de seguridad dispuesto por Casa Militar, que incluy\u00f3 restricciones de acceso. Recorri\u00f3 el recinto y ensay\u00f3 su exposici\u00f3n inicial. Tambi\u00e9n mantuvo un encuentro con el presidente de la C\u00e1mara, Mart\u00edn Menem, quien tendr\u00e1 a su cargo la conducci\u00f3n de la sesi\u00f3n.<\/p>\n<figure id=\"attachment_14370\" aria-describedby=\"caption-attachment-14370\" style=\"width: 784px\" class=\"wp-caption aligncenter\"><img loading=\"lazy\" decoding=\"async\" class=\"wp-image-14370 size-full\" src=\"https:\/\/muycritico.com.ar\/web\/wp-content\/uploads\/2026\/04\/ADORNI-DROGAS.jpg\" alt=\"\" width=\"784\" height=\"521\" srcset=\"https:\/\/muycritico.com.ar\/web\/wp-content\/uploads\/2026\/04\/ADORNI-DROGAS.jpg 784w, https:\/\/muycritico.com.ar\/web\/wp-content\/uploads\/2026\/04\/ADORNI-DROGAS-768x510.jpg 768w\" sizes=\"auto, (max-width: 784px) 100vw, 784px\" \/><figcaption id=\"caption-attachment-14370\" class=\"wp-caption-text\">LA NACION<\/figcaption><\/figure>\n<p><strong>El esquema de la sesi\u00f3n<\/strong><\/p>\n<p>El esquema prev\u00e9 una exposici\u00f3n inicial de una hora. Luego, los diputados dispondr\u00e1n de 240 minutos (cuatro horas) para formular preguntas, distribuidos seg\u00fan el tama\u00f1o de los bloques: comenzar\u00e1n los m\u00e1s peque\u00f1os, seguir\u00e1n los intermedios y cerrar\u00e1n Uni\u00f3n por la Patria y el oficialismo. Adorni responder\u00e1 en tandas de 20 minutos. En total, se estima que la sesi\u00f3n se extender\u00e1 durante unas seis horas.<\/p>\n<p>En la oposici\u00f3n hubo en los \u00faltimos d\u00edas un intento de coordinaci\u00f3n. El punto de acuerdo fue sostener la moderaci\u00f3n y evitar caer en provocaciones. Los bloques m\u00e1s cr\u00edticos buscar\u00e1n interpelar al jefe de Gabinete no solo por su patrimonio, sino tambi\u00e9n por distintos aspectos de la gesti\u00f3n, desde la situaci\u00f3n econ\u00f3mica hasta casos puntuales como la investigaci\u00f3n judicial por una presunta megaestafa con la criptomoneda $LIBRA; los supuestos sobreprecios en la Agencia Nacional de Discapacidad (Andis); la crisis financiera del PAMI, y la evoluci\u00f3n del empleo, los salarios y el consumo.<\/p>\n<p>El desaf\u00edo, reconocen en la oposici\u00f3n, ser\u00e1 sostener el interrogatorio hasta el final sin que el clima derive en un escenario de confrontaci\u00f3n que le permita al funcionario victimizarse o retirarse anticipadamente. El antecedente de Guillermo Francos, que abandon\u00f3 una sesi\u00f3n en el Senado tras un cruce con una legisladora, est\u00e1 presente en las conversaciones.<\/p>\n<p>Para evitarlo, los bloques coordinaron preguntas y repreguntas sobre los temas que Adorni intente eludir. La intenci\u00f3n es mantener el foco y no dispersar el intercambio.<\/p>\n<p>Desde los palcos, Javier y Karina Milei concentrar\u00e1n parte de la atenci\u00f3n. No solo por su presencia, sino tambi\u00e9n por su permanencia: en el recinto se seguir\u00e1 de cerca si se quedan durante toda la sesi\u00f3n o si se retiran antes, y en qu\u00e9 momento. El Presidente tiene una actividad reci\u00e9n por la tarde, en ExpoEFI, un auditorio empresarial.<\/p>\n<p>Los palcos superiores estar\u00e1n cargados de dirigentes y militantes. La mayor\u00eda ser\u00e1n de la provincia de Buenos Aires, invitados por el diputado bonaerense Sebasti\u00e1n Pareja. \u201cVamos a traer gente, s\u00ed\u201d, confirmaron cerca del armador karinista.<\/p>\n<p>La presencia de militantes gener\u00f3 cuestionamientos. La Coalici\u00f3n C\u00edvica y el diputado socialista Esteban Paul\u00f3n pidieron a Menem que se restrinja el ingreso de personas ajenas al informe, para evitar un clima de \u201caplaudidores\u201d durante la exposici\u00f3n inicial.<\/p>\n<p>En paralelo, los diputados Maximiliano Ferraro y M\u00f3nica Frade solicitaron que la transmisi\u00f3n oficial garantice criterios de imparcialidad y pluralidad, y que se respete el espacio de trabajo de los periodistas acreditados.<\/p>\n","protected":false},"excerpt":{"rendered":"<p>La sesi\u00f3n est\u00e1 convocada para las 10.30; presenciar\u00e1n la exposici\u00f3n el Presidente, Karina Milei, buena parte del Gabinete y dirigentes libertarios. Foto: Rodrigo N\u00e9spolo \/ La Naci\u00f3n<\/p>\n","protected":false},"author":2,"featured_media":14369,"comment_status":"open","ping_status":"closed","sticky":false,"template":"","format":"standard","meta":{"footnotes":""},"categories":[6],"tags":[],"class_list":["post-14368","post","type-post","status-publish","format-standard","has-post-thumbnail","hentry","category-notas"],"_links":{"self":[{"href":"https:\/\/muycritico.com.ar\/web\/index.php?rest_route=\/wp\/v2\/posts\/14368","targetHints":{"allow":["GET"]}}],"collection":[{"href":"https:\/\/muycritico.com.ar\/web\/index.php?rest_route=\/wp\/v2\/posts"}],"about":[{"href":"https:\/\/muycritico.com.ar\/web\/index.php?rest_route=\/wp\/v2\/types\/post"}],"author":[{"embeddable":true,"href":"https:\/\/muycritico.com.ar\/web\/index.php?rest_route=\/wp\/v2\/users\/2"}],"replies":[{"embeddable":true,"href":"https:\/\/muycritico.com.ar\/web\/index.php?rest_route=%2Fwp%2Fv2%2Fcomments&post=14368"}],"version-history":[{"count":1,"href":"https:\/\/muycritico.com.ar\/web\/index.php?rest_route=\/wp\/v2\/posts\/14368\/revisions"}],"predecessor-version":[{"id":14371,"href":"https:\/\/muycritico.com.ar\/web\/index.php?rest_route=\/wp\/v2\/posts\/14368\/revisions\/14371"}],"wp:featuredmedia":[{"embeddable":true,"href":"https:\/\/muycritico.com.ar\/web\/index.php?rest_route=\/wp\/v2\/media\/14369"}],"wp:attachment":[{"href":"https:\/\/muycritico.com.ar\/web\/index.php?rest_route=%2Fwp%2Fv2%2Fmedia&parent=14368"}],"wp:term":[{"taxonomy":"category","embeddable":true,"href":"https:\/\/muycritico.com.ar\/web\/index.php?rest_route=%2Fwp%2Fv2%2Fcategories&post=14368"},{"taxonomy":"post_tag","embeddable":true,"href":"https:\/\/muycritico.com.ar\/web\/index.php?rest_route=%2Fwp%2Fv2%2Ftags&post=14368"}],"curies":[{"name":"wp","href":"https:\/\/api.w.org\/{rel}","templated":true}]}}