{"id":14365,"date":"2026-04-28T20:55:05","date_gmt":"2026-04-28T23:55:05","guid":{"rendered":"https:\/\/muycritico.com.ar\/web\/?p=14365"},"modified":"2026-04-28T20:55:05","modified_gmt":"2026-04-28T23:55:05","slug":"este-miercoles-se-realizaran-los-alegatos-en-el-juicio-por-el-femicidio-de-mercedes-kvedaras","status":"publish","type":"post","link":"https:\/\/muycritico.com.ar\/web\/?p=14365","title":{"rendered":"ESTE MI\u00c9RCOLES SE REALIZAR\u00c1N LOS ALEGATOS EN EL JUICIO POR EL FEMICIDIO DE MERCEDES KVEDARAS"},"content":{"rendered":"<p><strong>Tras un cuarto intermedio, este mi\u00e9rcoles al reanudarse la audiencia de debate, se dar\u00e1 lugar a los alegatos de las partes. La jornada se desarrollar\u00e1 desde las 8 en la Sala de Grandes Juicios del Poder Judicial, y ser\u00e1 transmitida en vivo por el canal del Youtube del Poder Judicial.<\/strong><\/p>\n<p><!--more--><\/p>\n<p>El pasado viernes, finaliz\u00f3 la ronda de testimoniales, el Tribunal escuch\u00f3 la declaraci\u00f3n del acusado y se realiz\u00f3 la incorporaci\u00f3n de la prueba producida.<\/p>\n<p>La fiscal penal de la Unidad de Femicidios, Mar\u00eda Luj\u00e1n Sodero Calvet, representa al Ministerio P\u00fablico Fiscal en la audiencia de debate contra Jos\u00e9 Eduardo Figueroa, imputado como autor del delito de homicidio doblemente calificado por el v\u00ednculo, la relaci\u00f3n de pareja preexistente y por mediar violencia de g\u00e9nero, en perjuicio de quien fuera su esposa.<\/p>\n<p>Se dispuso un cuarto intermedio hasta este mi\u00e9rcoles 29, para dar lugar a que las partes realicen sus alegatos.<\/p>\n","protected":false},"excerpt":{"rendered":"<p>Tras un cuarto intermedio, este mi\u00e9rcoles al reanudarse la audiencia de debate, se dar\u00e1 lugar a los alegatos de las partes. La jornada se desarrollar\u00e1 desde las 8 en la Sala de Grandes Juicios del Poder Judicial, y ser\u00e1 transmitida en vivo por el canal del Youtube del Poder Judicial.<\/p>\n","protected":false},"author":2,"featured_media":14366,"comment_status":"open","ping_status":"closed","sticky":false,"template":"","format":"standard","meta":{"footnotes":""},"categories":[6],"tags":[],"class_list":["post-14365","post","type-post","status-publish","format-standard","has-post-thumbnail","hentry","category-notas"],"_links":{"self":[{"href":"https:\/\/muycritico.com.ar\/web\/index.php?rest_route=\/wp\/v2\/posts\/14365","targetHints":{"allow":["GET"]}}],"collection":[{"href":"https:\/\/muycritico.com.ar\/web\/index.php?rest_route=\/wp\/v2\/posts"}],"about":[{"href":"https:\/\/muycritico.com.ar\/web\/index.php?rest_route=\/wp\/v2\/types\/post"}],"author":[{"embeddable":true,"href":"https:\/\/muycritico.com.ar\/web\/index.php?rest_route=\/wp\/v2\/users\/2"}],"replies":[{"embeddable":true,"href":"https:\/\/muycritico.com.ar\/web\/index.php?rest_route=%2Fwp%2Fv2%2Fcomments&post=14365"}],"version-history":[{"count":1,"href":"https:\/\/muycritico.com.ar\/web\/index.php?rest_route=\/wp\/v2\/posts\/14365\/revisions"}],"predecessor-version":[{"id":14367,"href":"https:\/\/muycritico.com.ar\/web\/index.php?rest_route=\/wp\/v2\/posts\/14365\/revisions\/14367"}],"wp:featuredmedia":[{"embeddable":true,"href":"https:\/\/muycritico.com.ar\/web\/index.php?rest_route=\/wp\/v2\/media\/14366"}],"wp:attachment":[{"href":"https:\/\/muycritico.com.ar\/web\/index.php?rest_route=%2Fwp%2Fv2%2Fmedia&parent=14365"}],"wp:term":[{"taxonomy":"category","embeddable":true,"href":"https:\/\/muycritico.com.ar\/web\/index.php?rest_route=%2Fwp%2Fv2%2Fcategories&post=14365"},{"taxonomy":"post_tag","embeddable":true,"href":"https:\/\/muycritico.com.ar\/web\/index.php?rest_route=%2Fwp%2Fv2%2Ftags&post=14365"}],"curies":[{"name":"wp","href":"https:\/\/api.w.org\/{rel}","templated":true}]}}