{"id":14362,"date":"2026-04-27T19:16:00","date_gmt":"2026-04-27T22:16:00","guid":{"rendered":"https:\/\/muycritico.com.ar\/web\/?p=14362"},"modified":"2026-04-27T19:16:00","modified_gmt":"2026-04-27T22:16:00","slug":"no-importa-quien-hizo-las-obras-son-de-los-saltenos","status":"publish","type":"post","link":"https:\/\/muycritico.com.ar\/web\/?p=14362","title":{"rendered":"\u201cNO IMPORTA QUI\u00c9N HIZO LAS OBRAS, SON DE LOS SALTE\u00d1OS\u201d"},"content":{"rendered":"<p><strong>Lo dijo Gustavo S\u00e1enz, en respuesta a los legisladores libertarios y remarc\u00f3 que \u201ctodas las obras que se est\u00e1n haciendo en la provincia, con mucho sacrificio, las est\u00e1n haciendo los salte\u00f1os. Ni el Gobierno Nacional ni este gobernador: es el aporte de cada uno de ellos\u201d.<\/strong><\/p>\n<p><!--more--><\/p>\n<p>El gobernador de Salta, Gustavo S\u00e1enz, encabez\u00f3 la entrega de 40 viviendas en Coronel Moldes, donde remarc\u00f3 las dificultades que enfrenta la provincia para sostener la obra p\u00fablica y cuestion\u00f3 la falta de una pol\u00edtica federal por parte de la Naci\u00f3n.<\/p>\n<p>\u201cNo es f\u00e1cil gobernar, mucho menos en momentos dif\u00edciles como los que nos ha tocado vivir. Se cort\u00f3 de cuajo la obra p\u00fablica\u201d, expres\u00f3.<\/p>\n<p>El gobernador tambi\u00e9n vincul\u00f3 esta situaci\u00f3n con otras gestiones recientes, como las obras del puente de Vaqueros, una infraestructura clave para el \u00e1rea metropolitana. En ese punto, insisti\u00f3 en la necesidad de continuar impulsando proyectos estrat\u00e9gicos pese a las limitaciones presupuestarias.<\/p>\n<p>As\u00ed, el mandatario hizo referencia a los posteos en redes sociales de legisladores libertarios donde afirmaban su gesti\u00f3n para el avance de las obras en el puente de Vaqueros. En ese sentido, sostuvo que \u201csi alguien viene y dice \u2018yo hice esta obra\u2019, \u2018la hizo el Gobierno nacional\u2019 o \u2018la hizo el Gobierno provincial\u2019, d\u00edganle que no importa qui\u00e9n la hizo. Hab\u00eda que hacerla y alguien ten\u00eda que pelearla y gestionarla\u201d.<\/p>\n<p>\u201cEsta obra y todas las que se est\u00e1n haciendo en la provincia, con mucho sacrificio, las est\u00e1n haciendo los salte\u00f1os. Ni el Gobierno nacional ni este gobernador: es el aporte de cada uno de ustedes\u201d, enfatiz\u00f3.<\/p>\n","protected":false},"excerpt":{"rendered":"<p>Lo dijo Gustavo S\u00e1enz, en respuesta a los legisladores libertarios y remarc\u00f3 que \u201ctodas las obras que se est\u00e1n haciendo en la provincia, con mucho sacrificio, las est\u00e1n haciendo los salte\u00f1os. Ni el Gobierno Nacional ni este gobernador: es el aporte de cada uno de ellos\u201d.<\/p>\n","protected":false},"author":2,"featured_media":14363,"comment_status":"open","ping_status":"closed","sticky":false,"template":"","format":"standard","meta":{"footnotes":""},"categories":[6],"tags":[],"class_list":["post-14362","post","type-post","status-publish","format-standard","has-post-thumbnail","hentry","category-notas"],"_links":{"self":[{"href":"https:\/\/muycritico.com.ar\/web\/index.php?rest_route=\/wp\/v2\/posts\/14362","targetHints":{"allow":["GET"]}}],"collection":[{"href":"https:\/\/muycritico.com.ar\/web\/index.php?rest_route=\/wp\/v2\/posts"}],"about":[{"href":"https:\/\/muycritico.com.ar\/web\/index.php?rest_route=\/wp\/v2\/types\/post"}],"author":[{"embeddable":true,"href":"https:\/\/muycritico.com.ar\/web\/index.php?rest_route=\/wp\/v2\/users\/2"}],"replies":[{"embeddable":true,"href":"https:\/\/muycritico.com.ar\/web\/index.php?rest_route=%2Fwp%2Fv2%2Fcomments&post=14362"}],"version-history":[{"count":1,"href":"https:\/\/muycritico.com.ar\/web\/index.php?rest_route=\/wp\/v2\/posts\/14362\/revisions"}],"predecessor-version":[{"id":14364,"href":"https:\/\/muycritico.com.ar\/web\/index.php?rest_route=\/wp\/v2\/posts\/14362\/revisions\/14364"}],"wp:featuredmedia":[{"embeddable":true,"href":"https:\/\/muycritico.com.ar\/web\/index.php?rest_route=\/wp\/v2\/media\/14363"}],"wp:attachment":[{"href":"https:\/\/muycritico.com.ar\/web\/index.php?rest_route=%2Fwp%2Fv2%2Fmedia&parent=14362"}],"wp:term":[{"taxonomy":"category","embeddable":true,"href":"https:\/\/muycritico.com.ar\/web\/index.php?rest_route=%2Fwp%2Fv2%2Fcategories&post=14362"},{"taxonomy":"post_tag","embeddable":true,"href":"https:\/\/muycritico.com.ar\/web\/index.php?rest_route=%2Fwp%2Fv2%2Ftags&post=14362"}],"curies":[{"name":"wp","href":"https:\/\/api.w.org\/{rel}","templated":true}]}}