{"id":1436,"date":"2024-04-07T12:07:54","date_gmt":"2024-04-07T15:07:54","guid":{"rendered":"https:\/\/muycritico.com.ar\/web\/?p=1436"},"modified":"2026-01-18T19:25:31","modified_gmt":"2026-01-18T22:25:31","slug":"nos-genera-mucha-satisfaccion-de-que-la-gente-entienda-que-estamos-dando-respuesta-a-sus-problemas","status":"publish","type":"post","link":"https:\/\/muycritico.com.ar\/web\/?p=1436","title":{"rendered":"\u201cNOS GENERA MUCHA SATISFACCI\u00d3N DE QUE LA GENTE ENTIENDA QUE ESTAMOS DANDO RESPUESTA A SUS PROBLEMAS\u201d"},"content":{"rendered":"<p><strong>Lo dijo Juan Manuel Chalabe, jefe de Gabinete de la municipalidad de Salta en dialogo con MUY CRITICO. El funcionario adelant\u00f3 que el viernes 12 de abril se realizar\u00e1 la tercera \u201cMuni en tu barrio\u201d, en Plaza Espa\u00f1a, donde como una manera de mitigar la crisis habr\u00e1 ofertas casi a precio de costo en carne, pollo e incluso insumos el\u00e9ctricos y dem\u00e1s que se ir\u00e1n sumando.<\/strong><\/p>\n<p><!--more--><\/p>\n<p>El medio d\u00eda del s\u00e1bado \u201cla Muni en tu barrio\u201d colm\u00f3 las amplias instalaciones del club Sanidad en zona norte de la ciudad. All\u00ed como es habitual el intendente Emiliano Durand se traslad\u00f3 con todo su equipo de profesionales para llevar respuestas a los vecinos, esta vez de Casta\u00f1ares y aleda\u00f1os. Para mayores detalles el jefe de gabinetes, Juan Manuel Chalabe brind\u00f3 una entrevista.<\/p>\n<p><strong>\u00bfPodr\u00eda brindarnos detalles de esta actividad y en consistir\u00e1 la de la semana que viene?<\/strong><\/p>\n<p>Esta es la segunda \u201cMuni en tu barrio\u201d que hacemos. La primera fue en Zona Este. La verdad que muy contentos de trabajar sobre la descentralizaci\u00f3n de la municipalidad, la necesidad tambi\u00e9n de trabajar sobre eso, de llevarles soluciones y respuestas a los problemas de los vecinos. Emiliano, una vez que asumimos el 10 de diciembre pasado, le pidi\u00f3 a los funcionarios, nos pidi\u00f3 a los funcionarios, que trabajemos mucho dando respuestas, estando muy pegado a la necesidad de los vecinos.<\/p>\n<p><iframe loading=\"lazy\" title=\"\u201cNOS GENERA MUCHA SATISFACCI\u00d3N DE QUE LA GENTE ENTIENDA QUE ESTAMOS DANDO RESPUESTA A SUS PROBLEMAS\u201d\" width=\"696\" height=\"392\" src=\"https:\/\/www.youtube.com\/embed\/fX9_-VbVuFo?feature=oembed\" frameborder=\"0\" allow=\"accelerometer; autoplay; clipboard-write; encrypted-media; gyroscope; picture-in-picture; web-share\" referrerpolicy=\"strict-origin-when-cross-origin\" allowfullscreen><\/iframe><\/p>\n<p>Esta es una forma tambi\u00e9n de acercarle la Municipalidad a la gente. Brindando todos los servicios que brindamos de lunes a viernes en el CCM y en las distintas dependencias municipales.<\/p>\n<p>Tambi\u00e9n se est\u00e1 brindando el certificado m\u00e9dico para los pap\u00e1s, muchos pap\u00e1s que no tuvieron la posibilidad de hacer el certificado por una cuesti\u00f3n econ\u00f3mica; de brindar un servicio primario con el m\u00f3vil odontol\u00f3gico; de tener nuestro equipo de zoonosis trabajando sobre la castraci\u00f3n de sus macotas; tambi\u00e9n hay peluqueros y todos los servicios que tengan que ver con lo <strong>Legal<\/strong> y con lo <strong>Contable,<\/strong> de nuestro equipo de profesionales solidarios.<\/p>\n<p>As\u00ed que muy contentos m\u00e1s que nada de la respuesta de la gente y de que este todo nuestro equipo ac\u00e1, todos los funcionarios est\u00e1n trabajando ac\u00e1. Muchos empleados municipales. Estamos muy contentos por eso.<\/p>\n<p><img loading=\"lazy\" decoding=\"async\" class=\"aligncenter size-full wp-image-1441\" src=\"https:\/\/muycritico.com.ar\/web\/wp-content\/uploads\/2024\/04\/DURAND-SANIDAD.jpg\" alt=\"\" width=\"900\" height=\"486\" srcset=\"https:\/\/muycritico.com.ar\/web\/wp-content\/uploads\/2024\/04\/DURAND-SANIDAD.jpg 900w, https:\/\/muycritico.com.ar\/web\/wp-content\/uploads\/2024\/04\/DURAND-SANIDAD-768x415.jpg 768w\" sizes=\"auto, (max-width: 900px) 100vw, 900px\" \/><\/p>\n<p><strong>La gente necesita adem\u00e1s de ser escuchada porque hay mucha gente que est\u00e1 desesperada, tambi\u00e9n que el se le ve el problema que tienen y por ejemplo ac\u00e1 supongamos un problema como que haya gente personal que le falta en algunos a\u00f1os para jubilarse, est\u00e1n los abogados listos para esa recomendaci\u00f3n, por ejemplo \u00bfhay de todo?<\/strong><\/p>\n<p>Hay de todo, como vos dec\u00edas, en principios que la gente necesita ser escuchada y eso es lo que tratamos de hacer. Muchas veces por ah\u00ed no se llega una respuesta, pero s\u00ed se lleva la posibilidad de ser escuchada a uno que puede conocer a alg\u00fan abogado en la familia. Hay familias que no tienen un abogado en cercano a mano, ac\u00e1 lo tienen.<\/p>\n<p>Hoy una consulta entiendo que est\u00e1 alrededor de los 10.000 pesos, es muy dif\u00edcil, es muy dif\u00edcil acceder a eso. Bueno ac\u00e1 tienen los abogados. No hacen un seguimiento por ejemplo de un juicio, pero si les pueden dar una respuesta a corto plazo y sacarles una duda con temas de jubilaciones. Tambi\u00e9n est\u00e1 el <strong>Ente Regulador<\/strong> para los subsidios necesarios; tambi\u00e9n est\u00e1 <strong>Aguas del Norte<\/strong>, tambi\u00e9n para los subsidios necesarios.<\/p>\n<p>Digo, unificamos distintos servicios un s\u00e1bado, que es muy importante, un s\u00e1bado en el que los empleados vengan a trabajar y la verdad que eso <strong>nos genera mucha satisfacci\u00f3n de que la gente entienda que estamos dando respuesta a sus problemas<\/strong>.<\/p>\n<p><strong>\u00bfC\u00f3mo va a ser la del viernes que viene? porque hay una crisis fenomenal, la gente ya est\u00e1 buscando ofertas donde no hay, \u00bfc\u00f3mo va a ser la convocatoria pr\u00f3xima? <\/strong><\/p>\n<p>Insisto sobre dar respuesta a los problemas, dar las soluciones tambi\u00e9n a los problemas los vecinos. Los salte\u00f1os no le escapamos a la situaci\u00f3n econ\u00f3mica, a lo que est\u00e1 pasando. Lo que est\u00e1 pasando con la inflaci\u00f3n no es competencia municipal, pero si, no podemos mirar hacia otro lado.<\/p>\n<p>Esta va a ser la tercera acci\u00f3n que se va a hacer de \u201cEl mercado en tu barrio\u201d, en la que llevamos una serie de distintos comerciantes, las PIMES, que ponen casi a precio costo en la carne, el pollo, en su momento en las semanas antias se puso a precio costo el pescado.<\/p>\n<p>Tambi\u00e9n hay productores, locales y regionales que llevan sus verduras y que les sirve a todos, les sirve al comerciante, les sirve el productor y por sobre todas las cosas les sirve a los vecinos. La verdad que tuvimos una respuesta b\u00e1rbara con m\u00e1s de 10 mil vecinos en las zonas en la que trabajamos.<\/p>\n<p>El pr\u00f3ximo viernes les adelanto a los alte\u00f1os que vamos a estar desde muy tempranito en la Plaza de Espa\u00f1a,\u00a0 con carne, con pollo, con verduras; tambi\u00e9n va a haber insumos el\u00e9ctricos y bueno hay gente que se va sumando y en esto quiero agradecer a los comerciantes alte\u00f1os que ven, no solo ven una oportunidad para ellos sino tambi\u00e9n son conscientes de la situaci\u00f3n en la que est\u00e1n viviendo, la que est\u00e1n viviendo muchos vecinos y no miran hacia otro lado, aportan su granito arena.<\/p>\n","protected":false},"excerpt":{"rendered":"<p>Lo dijo Juan Manuel Chalabe, jefe de Gabinete de la municipalidad de Salta en dialogo con MUY CRITICO. El funcionario adelant\u00f3 que el viernes 12 de abril se realizar\u00e1 la tercera \u201cMuni en tu barrio\u201d, en Plaza Espa\u00f1a, donde como una manera de mitigar la crisis habr\u00e1 ofertas casi a precio de costo en carne, [&hellip;]<\/p>\n","protected":false},"author":2,"featured_media":1437,"comment_status":"open","ping_status":"closed","sticky":false,"template":"","format":"standard","meta":{"footnotes":""},"categories":[6],"tags":[187,224,253,872],"class_list":["post-1436","post","type-post","status-publish","format-standard","has-post-thumbnail","hentry","category-notas","tag-emiliano-durand","tag-juan-manuel-chalabe","tag-sanidad","tag-victor-sacca"],"_links":{"self":[{"href":"https:\/\/muycritico.com.ar\/web\/index.php?rest_route=\/wp\/v2\/posts\/1436","targetHints":{"allow":["GET"]}}],"collection":[{"href":"https:\/\/muycritico.com.ar\/web\/index.php?rest_route=\/wp\/v2\/posts"}],"about":[{"href":"https:\/\/muycritico.com.ar\/web\/index.php?rest_route=\/wp\/v2\/types\/post"}],"author":[{"embeddable":true,"href":"https:\/\/muycritico.com.ar\/web\/index.php?rest_route=\/wp\/v2\/users\/2"}],"replies":[{"embeddable":true,"href":"https:\/\/muycritico.com.ar\/web\/index.php?rest_route=%2Fwp%2Fv2%2Fcomments&post=1436"}],"version-history":[{"count":3,"href":"https:\/\/muycritico.com.ar\/web\/index.php?rest_route=\/wp\/v2\/posts\/1436\/revisions"}],"predecessor-version":[{"id":1442,"href":"https:\/\/muycritico.com.ar\/web\/index.php?rest_route=\/wp\/v2\/posts\/1436\/revisions\/1442"}],"wp:featuredmedia":[{"embeddable":true,"href":"https:\/\/muycritico.com.ar\/web\/index.php?rest_route=\/wp\/v2\/media\/1437"}],"wp:attachment":[{"href":"https:\/\/muycritico.com.ar\/web\/index.php?rest_route=%2Fwp%2Fv2%2Fmedia&parent=1436"}],"wp:term":[{"taxonomy":"category","embeddable":true,"href":"https:\/\/muycritico.com.ar\/web\/index.php?rest_route=%2Fwp%2Fv2%2Fcategories&post=1436"},{"taxonomy":"post_tag","embeddable":true,"href":"https:\/\/muycritico.com.ar\/web\/index.php?rest_route=%2Fwp%2Fv2%2Ftags&post=1436"}],"curies":[{"name":"wp","href":"https:\/\/api.w.org\/{rel}","templated":true}]}}